{"id":89810,"date":"2020-06-22T13:18:04","date_gmt":"2020-06-22T17:18:04","guid":{"rendered":"https:\/\/linitiative.ca\/International\/rwanda-decouverte-dune-grande-fosse-commune-de-victimes-du-genocide\/"},"modified":"2020-06-22T13:18:04","modified_gmt":"2020-06-22T17:18:04","slug":"rwanda-decouverte-dune-grande-fosse-commune-de-victimes-du-genocide","status":"publish","type":"post","link":"https:\/\/linitiative.ca\/International\/rwanda-decouverte-dune-grande-fosse-commune-de-victimes-du-genocide\/","title":{"rendered":"Rwanda : d\u00e9couverte d\u2019une grande fosse commune de victimes du g\u00e9nocide"},"content":{"rendered":"<div readability=\"32\">\n<p>Publi\u00e9 le 22.06.2020 \u00e0 18h18 par APA News<\/p>\n<\/div>\n<div readability=\"67\">\n<p>Une fosse commune contenant de nombreuses victimes du g\u00e9nocide de 1994 contre les Tutsis a \u00e9t\u00e9 d\u00e9couvert 26 ans apr\u00e8s les atrocit\u00e9s commises sous le b\u00e2timent d\u2019une \u00e9cole \u00e0 Nyanza, un district du sud du Rwanda, a confirm\u00e9 dimanche \u00e0 APA un haut responsable de l\u2019administration locale \u00e0 Kigali.Les tombes ont \u00e9t\u00e9 d\u00e9couvertes dans le village de Busasamana, alors que des ouvriers creusaient les fondations du b\u00e2timent de l\u2019extension de l\u2019\u00e9cole, a d\u00e9clar\u00e9 Erasme Ntazinda, le maire du district de Nyanza.<\/p>\n<p>\u00a0Selon lui, les travaux d\u2019exhumation des corps des tombes ont commenc\u00e9 imm\u00e9diatement mais les premiers corps ont \u00e9t\u00e9 trouv\u00e9s t\u00f4t dimanche \u00e0 une centaine de m\u00e8tres dans l\u2019une des fosses communes.<\/p>\n<p>\u00a0Plus t\u00f4t dimanche, de nombreuses cha\u00eenes de t\u00e9l\u00e9vision ont rapport\u00e9 l\u2019incident o\u00f9 des survivants du g\u00e9nocide ont pu \u00eatre vus autour du charnier pour voir s\u2019ils pouvaient identifier leurs proches d\u00e9c\u00e9d\u00e9s gr\u00e2ce aux v\u00eatements d\u00e9chir\u00e9s qu\u2019ils portaient lorsqu\u2019ils ont \u00e9t\u00e9 tu\u00e9s.<\/p>\n<p>\u00a0La d\u00e9couverte de ce nouvelle fosse survient une semaine apr\u00e8s que le Bureau des renseignements du Rwanda (RIB) a arr\u00eat\u00e9 8 fonctionnaires de l\u2019h\u00f4pital du sud du Rwanda pour avoir pr\u00e9tendument cach\u00e9 des informations relatives aux victimes du g\u00e9nocide de 1994 contre les Tutsis.<\/p>\n<p>\u00a0Les fonctionnaires ont \u00e9t\u00e9 appr\u00e9hend\u00e9s apr\u00e8s la d\u00e9couverte de corps enterr\u00e9s dans une fosse commune sous l\u2019h\u00f4pital dans le district de Ruhango au sud du Rwanda.<\/p>\n<p>\u00a0S\u2019exprimant sur Twitter, le RIB a d\u00e9clar\u00e9 que \u00ab cacher les restes des victimes du g\u00e9nocide est un acte de n\u00e9gation du g\u00e9nocide \u00bb.<\/p>\n<p>\u00a0Le RIB appelle donc le public \u00e0 continuer \u00e0 partager les informations sur les lieux o\u00f9 les victimes du g\u00e9nocide ont \u00e9t\u00e9 (h\u00e2tivement) enterr\u00e9es afin de leur accorder un enterrement d\u00e9cent \u00bb, a d\u00e9clar\u00e9 l\u2019agence.<\/p>\n<\/div>\n<p>Auteur: APA News<br \/>\n<a href=\"https:\/\/www.journalducameroun.com\/rwanda-decouverte-dune-grande-fosse-commune-de-victimes-du-genocide\/\">Cliquez ici pour lire l&rsquo;article depuis sa source.<\/a><\/p>\n","protected":false},"excerpt":{"rendered":"<p>Publi\u00e9 le 22.06.2020 \u00e0 18h18 par APA News Une fosse commune contenant de nombreuses victimes du g\u00e9nocide de 1994 contre les Tutsis a \u00e9t\u00e9 d\u00e9couvert 26 ans apr\u00e8s les atrocit\u00e9s commises sous le b\u00e2timent d\u2019une \u00e9cole \u00e0 Nyanza, un district du sud du Rwanda, a confirm\u00e9 dimanche \u00e0 APA un haut responsable de l\u2019administration locale [&hellip;]<\/p>\n","protected":false},"author":1965,"featured_media":0,"comment_status":"closed","ping_status":"closed","sticky":false,"template":"","format":"standard","meta":{"fifu_image_url":"","fifu_image_alt":"","footnotes":""},"categories":[73,82],"tags":[],"class_list":["post-89810","post","type-post","status-publish","format-standard","hentry","category-actualite","category-cameroun"],"_links":{"self":[{"href":"https:\/\/linitiative.ca\/International\/wp-json\/wp\/v2\/posts\/89810","targetHints":{"allow":["GET"]}}],"collection":[{"href":"https:\/\/linitiative.ca\/International\/wp-json\/wp\/v2\/posts"}],"about":[{"href":"https:\/\/linitiative.ca\/International\/wp-json\/wp\/v2\/types\/post"}],"author":[{"embeddable":true,"href":"https:\/\/linitiative.ca\/International\/wp-json\/wp\/v2\/users\/1965"}],"replies":[{"embeddable":true,"href":"https:\/\/linitiative.ca\/International\/wp-json\/wp\/v2\/comments?post=89810"}],"version-history":[{"count":0,"href":"https:\/\/linitiative.ca\/International\/wp-json\/wp\/v2\/posts\/89810\/revisions"}],"wp:attachment":[{"href":"https:\/\/linitiative.ca\/International\/wp-json\/wp\/v2\/media?parent=89810"}],"wp:term":[{"taxonomy":"category","embeddable":true,"href":"https:\/\/linitiative.ca\/International\/wp-json\/wp\/v2\/categories?post=89810"},{"taxonomy":"post_tag","embeddable":true,"href":"https:\/\/linitiative.ca\/International\/wp-json\/wp\/v2\/tags?post=89810"}],"curies":[{"name":"wp","href":"https:\/\/api.w.org\/{rel}","templated":true}]}}