{"id":89812,"date":"2020-06-22T14:18:06","date_gmt":"2020-06-22T18:18:06","guid":{"rendered":"https:\/\/linitiative.ca\/International\/mali-la-legitimite-du-regime-est-arrivee-a-lepuisement-chercheur\/"},"modified":"2020-06-22T14:18:06","modified_gmt":"2020-06-22T18:18:06","slug":"mali-la-legitimite-du-regime-est-arrivee-a-lepuisement-chercheur","status":"publish","type":"post","link":"https:\/\/linitiative.ca\/International\/mali-la-legitimite-du-regime-est-arrivee-a-lepuisement-chercheur\/","title":{"rendered":"Mali: la l\u00e9gitimit\u00e9 du r\u00e9gime est arriv\u00e9e \u00e0 \u00ab l\u2019\u00e9puisement \u00bb (chercheur)"},"content":{"rendered":"<div readability=\"32\">\n<p>Publi\u00e9 le 22.06.2020 \u00e0 19h18 par APA News<\/p>\n<\/div>\n<div readability=\"114\">\n<p>Au Mali, la vague contestataire qui r\u00e9clame le d\u00e9part du pr\u00e9sident Ibrahim Boubacar Ke\u00efta d\u00e9coule du d\u00e9litement de son r\u00e9gime, analyse pour APA Boubacar Sangar\u00e9, Charg\u00e9 de recherche bas\u00e9 \u00e0 Bamako de l\u2019Institut d\u2019\u00e9tudes de s\u00e9curit\u00e9 (ISS).Ce mois-ci, un collectif compos\u00e9 de la soci\u00e9t\u00e9 civile, de religieux et de l\u2019opposition politique a manifest\u00e9 pour exiger la d\u00e9mission du pr\u00e9sident Ibrahim Boubacar Keita (IBK). Pourquoi ?<\/p>\n<p>Il faut tout d\u2019abord pr\u00e9ciser que le mouvement de contestation a pris l\u2019appellation de Mouvement du 5 juin-Rassemblement des Forces Patriotiques apr\u00e8s la premi\u00e8re mobilisation \u00e0 cette m\u00eame date. Il s\u2019agit d\u2019une coalition h\u00e9t\u00e9roclite qui r\u00e9unissait au d\u00e9part le Front pour la Sauvegarde de la D\u00e9mocratie (FSD), rassemblant des partis politiques oppos\u00e9s au pr\u00e9sident Ibrahim Boubacar Ke\u00efta, la Coordination des mouvements, associations et sympathisants de l\u2019imam Mahmoud Dicko (Cmas) et Espoir Mali Kura (EMK), dirig\u00e9 par un ancien ministre dans les ann\u00e9es 2000 et figure du parti Solidarit\u00e9 africaine pour la d\u00e9mocratie et l\u2019ind\u00e9pendance (Sadi), situ\u00e9 dans l\u2019extr\u00eame gauche. Ces manifestations, et la grande mobilisation qu\u2019elles occasionnent, interviennent dans un contexte marqu\u00e9 par la d\u00e9gradation continue de la situation s\u00e9curitaire li\u00e9e aux actions des groupes extr\u00e9mistes violents, aux conflits locaux et \u00e0 la criminalit\u00e9 organis\u00e9e transnationale. Il faut ajouter au tableau la pr\u00e9carit\u00e9 des populations, la crise sanitaire li\u00e9e au coronavirus et ses effets sur les populations ainsi que la crise post-\u00e9lectorale marqu\u00e9e par la contestation des r\u00e9sultats des derni\u00e8res \u00e9lections l\u00e9gislatives \u00e0 Bamako et dans certaines capitales r\u00e9gionales. C\u2019est ce cocktail d\u00e9tonnant qui a servi d\u2019embrayeur \u00e0 l\u2019action protestataire en cours dont le mot d\u2019ordre principal, \u00e0 savoir la d\u00e9mission du pr\u00e9sident et de son r\u00e9gime, rappelle \u00e0 quel point les institutions sont vuln\u00e9rables et traduisent un certain \u00e9puisement de la l\u00e9gitimit\u00e9 du r\u00e9gime.<\/p>\n<p>Parmi les leaders de la contestation, l\u2019imam Mahmoud Dicko se distingue. D\u2019o\u00f9 tire-t-il sa force, sa l\u00e9gitimit\u00e9 ?<\/p>\n<p>Il est important de rappeler que l\u2019imam Mahmoud Dicko fait partie des figures dans la sph\u00e8re religieuse qui se sont distingu\u00e9es par leur positionnement partisan, notamment lors de l\u2019\u00e9lection pr\u00e9sidentielle de 2013 o\u00f9 il a soutenu le candidat Ibrahim Boubacar Ke\u00efta. Si en 2018 le retrait de son soutien au pr\u00e9sident Ke\u00efta l\u2019a affaibli, il a su revitaliser cette position politique en surfant sur des questions soci\u00e9tales comme l\u2019homosexualit\u00e9, l\u2019\u00e9ducation sexuelle compl\u00e8te ainsi que des \u00e9v\u00e8nements tragiques comme le massacre de civils par de pr\u00e9sum\u00e9es milices ethniques ce qui lui a permis de mobiliser notamment le 5 avril 2019 o\u00f9 la t\u00eate du Premier ministre, \u00e0 l\u2019\u00e9poque Soumeylou Boub\u00e8ye Ma\u00efga, a d\u2019ailleurs \u00e9t\u00e9 demand\u00e9e. Apr\u00e8s son d\u00e9part de la t\u00eate du Haut-conseil islamique, il a cr\u00e9\u00e9 la Coordination des mouvements, associations et sympathisants en septembre 2019, un mouvement politico-religieux \u00e0 travers lequel il a organis\u00e9 des meetings pour s\u2019exprimer sur des questions soci\u00e9tales et politiques. L\u2019imam Dicko incarne un islam revendicatif, regardant sur la vie sociale et qui d\u00e9fend des positions. Cela lui a permis de gagner une grande influence, outre la clart\u00e9 de son discours \u00e0 tr\u00e8s forte dose partisane. Enfin, c\u2019est aussi quelqu\u2019un qui incarne une soci\u00e9t\u00e9 civile musulmane qui semble avoir d\u00e9couvert ses forces et qui \u00e9merge sur les cendres de la soci\u00e9t\u00e9 civile la\u00efque jug\u00e9e inf\u00e9od\u00e9e au pouvoir.<\/p>\n<p>Des milliers de Maliens ont r\u00e9pondu \u00e0 l\u2019invitation \u00e0 manifester. Quel sens donner \u00e0 cette mobilisation massive dans le contexte malien actuel ?<\/p>\n<p>La contestation en cours, \u00e0 travers des mobilisations fond\u00e9es sur le recours \u00e0 la rue, traduisent la gravit\u00e9 de la situation au Mali et peut \u00eatre analys\u00e9e comme une expression des frustrations r\u00e9elles des populations. Au fil des ans, les Maliens ont \u00e9t\u00e9 priv\u00e9s de tout moyen d\u2019expression d\u00e9mocratique de leur m\u00e9contentement en dehors des manifestations de rue. De ce point de vue, l\u2019Assembl\u00e9e nationale porte une responsabilit\u00e9 immense dans la crise actuelle que traverse le pays. Les Maliens qui manifestent ne sortent en r\u00e9alit\u00e9 pas pour tel ou tel dirigeant politique au sein du M5 \u2013 RFP. Ils n\u2019ont plus confiance en cette classe politique qui n\u2019a cess\u00e9 de d\u00e9montrer son incoh\u00e9rence au cours des derni\u00e8res d\u00e9cennies. Parmi les acteurs qui animent aujourd\u2019hui la contestation, certains ont soutenu la candidature d\u2019IBK en 2013 et d\u2019autres ont remis \u00e7a en 2018. Cette col\u00e8re n\u2019est pas non plus religieuse m\u00eame si la figure de proue de la fronde est incontestablement l\u2019imam Mahmoud Dicko.<\/p>\n<p>Le pr\u00e9sident IBK se dit ouvert au dialogue. Il a d\u2019ailleurs multipli\u00e9 les rencontres dans ce sens. Cette d\u00e9marche peut-elle d\u00e9samorcer la tension ?<\/p>\n<p>Le dialogue propos\u00e9 par le pr\u00e9sident peut permettre de gagner du temps, d\u2019apaiser la situation dans l\u2019imm\u00e9diat et de g\u00e9rer la conjoncture. Mais il est clair que seuls de r\u00e9els efforts pour prendre en compte les frustrations des populations et y apporter des solutions peut permettre de r\u00e9pondre \u00e0 la crise sur le long terme. Ce qui est exprim\u00e9 \u00e0 travers la contestation en cours, c\u2019est l\u2019aspiration \u00e0 mieux d\u2019\u00c9tat.<\/p>\n<p>Le chef de l\u2019\u00c9tat propose la formation d\u2019un gouvernement d\u2019union nationale. Comment une telle id\u00e9e est re\u00e7ue au Mali ?<\/p>\n<p>La proposition d\u2019un gouvernement d\u2019ouverture n\u2019est pas nouvelle et semble galvaud\u00e9e. Pour rappel, l\u2019ancien pr\u00e9sident Alpha Oumar Konar\u00e9 a \u00e9t\u00e9 contraint d\u2019installer une coalition gouvernementale en 1992-1993 avec des partis de l\u2019opposition qui ont ainsi marchand\u00e9 leur capacit\u00e9 de nuisance. Apr\u00e8s lui, le pr\u00e9sident Amadou Toumani Tour\u00e9 a aussi exp\u00e9riment\u00e9 une forme de gestion consensuelle du pouvoir lui permettant d\u2019entretenir ce que certains ont appel\u00e9 \u201cun client\u00e9lisme p\u00e9riph\u00e9rique\u201d des partis qui ont d\u00e9sert\u00e9 l\u2019opposition et qui a pris la forme d\u2019un accord entre les \u00e9lites pour annihiler les r\u00e9surgences protestataires. Si le champ politique est rest\u00e9 fragment\u00e9 sous le pr\u00e9sident Ke\u00efta, il faut dire qu\u2019il y a eu une recomposition depuis sa r\u00e9\u00e9lection et la signature de l\u2019Accord Politique de Gouvernance (APG) qui a permis la formation d\u2019un gouvernement d\u2019ouverture. On a assist\u00e9 \u00e0 un ralliement quelque peu opportuniste au bloc du pouvoir d\u2019opposants longtemps tenus \u00e9loign\u00e9s des circuits de redistribution et qui reviennent pour le partage des ressources (\u201cg\u00e2teau national\u201d). Un gouvernement d\u2019union nationale pour le partage du pouvoir, et donc des ressources comme c\u2019est le cas dans le champ politique n\u00e9o-patrimonial comme celui du Mali, peut \u00e9ventuellement recueillir l\u2019adh\u00e9sion des leaders de la contestation mais il est clair que les manifestants ont d\u2019autres attentes li\u00e9es \u00e0 leur quotidien, \u00e0 l\u2019ordinaire.<\/p>\n<\/div>\n<p>Auteur: APA News<br \/>\n<a href=\"https:\/\/www.journalducameroun.com\/mali-la-legitimite-du-regime-est-arrivee-a-lepuisement-chercheur\/\">Cliquez ici pour lire l&rsquo;article depuis sa source.<\/a><\/p>\n","protected":false},"excerpt":{"rendered":"<p>Publi\u00e9 le 22.06.2020 \u00e0 19h18 par APA News Au Mali, la vague contestataire qui r\u00e9clame le d\u00e9part du pr\u00e9sident Ibrahim Boubacar Ke\u00efta d\u00e9coule du d\u00e9litement de son r\u00e9gime, analyse pour APA Boubacar Sangar\u00e9, Charg\u00e9 de recherche bas\u00e9 \u00e0 Bamako de l\u2019Institut d\u2019\u00e9tudes de s\u00e9curit\u00e9 (ISS).Ce mois-ci, un collectif compos\u00e9 de la soci\u00e9t\u00e9 civile, de religieux [&hellip;]<\/p>\n","protected":false},"author":1965,"featured_media":0,"comment_status":"closed","ping_status":"closed","sticky":false,"template":"","format":"standard","meta":{"fifu_image_url":"","fifu_image_alt":"","footnotes":""},"categories":[73,82],"tags":[],"class_list":["post-89812","post","type-post","status-publish","format-standard","hentry","category-actualite","category-cameroun"],"_links":{"self":[{"href":"https:\/\/linitiative.ca\/International\/wp-json\/wp\/v2\/posts\/89812","targetHints":{"allow":["GET"]}}],"collection":[{"href":"https:\/\/linitiative.ca\/International\/wp-json\/wp\/v2\/posts"}],"about":[{"href":"https:\/\/linitiative.ca\/International\/wp-json\/wp\/v2\/types\/post"}],"author":[{"embeddable":true,"href":"https:\/\/linitiative.ca\/International\/wp-json\/wp\/v2\/users\/1965"}],"replies":[{"embeddable":true,"href":"https:\/\/linitiative.ca\/International\/wp-json\/wp\/v2\/comments?post=89812"}],"version-history":[{"count":0,"href":"https:\/\/linitiative.ca\/International\/wp-json\/wp\/v2\/posts\/89812\/revisions"}],"wp:attachment":[{"href":"https:\/\/linitiative.ca\/International\/wp-json\/wp\/v2\/media?parent=89812"}],"wp:term":[{"taxonomy":"category","embeddable":true,"href":"https:\/\/linitiative.ca\/International\/wp-json\/wp\/v2\/categories?post=89812"},{"taxonomy":"post_tag","embeddable":true,"href":"https:\/\/linitiative.ca\/International\/wp-json\/wp\/v2\/tags?post=89812"}],"curies":[{"name":"wp","href":"https:\/\/api.w.org\/{rel}","templated":true}]}}