{"id":89813,"date":"2020-06-22T14:18:08","date_gmt":"2020-06-22T18:18:08","guid":{"rendered":"https:\/\/linitiative.ca\/International\/lunion-africaine-est-preoccupee-par-la-crise-malienne\/"},"modified":"2020-06-22T14:18:08","modified_gmt":"2020-06-22T18:18:08","slug":"lunion-africaine-est-preoccupee-par-la-crise-malienne","status":"publish","type":"post","link":"https:\/\/linitiative.ca\/International\/lunion-africaine-est-preoccupee-par-la-crise-malienne\/","title":{"rendered":"L\u2019Union Africaine est \u00ab pr\u00e9occup\u00e9e \u00bb par la crise malienne"},"content":{"rendered":"<div readability=\"32\">\n<p>Publi\u00e9 le 22.06.2020 \u00e0 19h18 par APA News<\/p>\n<\/div>\n<div readability=\"57\">\n<p>Le pr\u00e9sident de l\u2019ex\u00e9cutif de l\u2019Union, Moussa Faki Mahamat d\u00e9plore \u00ab la grave crise \u00bb qui s\u00e9vit ces derni\u00e8res semaines au Mali.Apr\u00e8s les tentatives de m\u00e9diation de la Communaut\u00e9 \u00e9conomique des \u00c9tats de l\u2019Afrique de l\u2019ouest (Cedeao), c\u2019est au tour de l\u2019Union Africaine (UA) de se prononcer sur la situation politique au Mali.<\/p>\n<p>Dans un communiqu\u00e9 re\u00e7u ce lundi \u00e0 APA, le pr\u00e9sident de la Commission de l\u2019UA se f\u00e9licite tout d\u2019abord \u00ab du caract\u00e8re pacifique rev\u00eatu jusqu\u2019ici \u00a0par ces manifestations et encourage vivement tous les acteurs \u00e0 \u00e9viter tout recours \u00e0 la violence quelle que soit sa forme \u00bb.<\/p>\n<p>Moussa Faki Mahamat\u00a0exhorte ensuite \u00ab les parties \u00e0 travailler\u00a0ensemble en vue de trouver des solutions consensuelles de sortie de crise prenant en compte les aspirations du peuple malien et de ses forces vives \u00bb.<\/p>\n<p>Enfin, le pr\u00e9sident de la Commission de l\u2019UA \u00ab exprime son soutien aux efforts de la Cedeao et l\u2019assure de la pleine solidarit\u00e9 de l\u2019Union Africaine pour concr\u00e9tiser le soutien de l\u2019Afrique au gouvernement et au\u00a0peuple malien dans cette phase cruciale de son histoire \u00bb.<\/p>\n<p>Sous l\u2019impulsion du Mouvement du 5 juin \u2013 Rassemblement des Forces Patriotiques (M5-RFP), des milliers de Maliens ont r\u00e9cemment particip\u00e9 \u00e0 deux rassemblements \u00e0 la Place de l\u2019ind\u00e9pendance de Bamako pour exiger la d\u00e9mission imm\u00e9diate du chef de l\u2019Etat, Ibrahim Boubacar Ke\u00efta.<\/p>\n<\/div>\n<p>Auteur: APA News<br \/>\n<a href=\"https:\/\/www.journalducameroun.com\/lunion-africaine-est-preoccupee-par-la-crise-malienne\/\">Cliquez ici pour lire l&rsquo;article depuis sa source.<\/a><\/p>\n","protected":false},"excerpt":{"rendered":"<p>Publi\u00e9 le 22.06.2020 \u00e0 19h18 par APA News Le pr\u00e9sident de l\u2019ex\u00e9cutif de l\u2019Union, Moussa Faki Mahamat d\u00e9plore \u00ab la grave crise \u00bb qui s\u00e9vit ces derni\u00e8res semaines au Mali.Apr\u00e8s les tentatives de m\u00e9diation de la Communaut\u00e9 \u00e9conomique des \u00c9tats de l\u2019Afrique de l\u2019ouest (Cedeao), c\u2019est au tour de l\u2019Union Africaine (UA) de se prononcer [&hellip;]<\/p>\n","protected":false},"author":1965,"featured_media":0,"comment_status":"closed","ping_status":"closed","sticky":false,"template":"","format":"standard","meta":{"fifu_image_url":"","fifu_image_alt":"","footnotes":""},"categories":[73,82],"tags":[],"class_list":["post-89813","post","type-post","status-publish","format-standard","hentry","category-actualite","category-cameroun"],"_links":{"self":[{"href":"https:\/\/linitiative.ca\/International\/wp-json\/wp\/v2\/posts\/89813","targetHints":{"allow":["GET"]}}],"collection":[{"href":"https:\/\/linitiative.ca\/International\/wp-json\/wp\/v2\/posts"}],"about":[{"href":"https:\/\/linitiative.ca\/International\/wp-json\/wp\/v2\/types\/post"}],"author":[{"embeddable":true,"href":"https:\/\/linitiative.ca\/International\/wp-json\/wp\/v2\/users\/1965"}],"replies":[{"embeddable":true,"href":"https:\/\/linitiative.ca\/International\/wp-json\/wp\/v2\/comments?post=89813"}],"version-history":[{"count":0,"href":"https:\/\/linitiative.ca\/International\/wp-json\/wp\/v2\/posts\/89813\/revisions"}],"wp:attachment":[{"href":"https:\/\/linitiative.ca\/International\/wp-json\/wp\/v2\/media?parent=89813"}],"wp:term":[{"taxonomy":"category","embeddable":true,"href":"https:\/\/linitiative.ca\/International\/wp-json\/wp\/v2\/categories?post=89813"},{"taxonomy":"post_tag","embeddable":true,"href":"https:\/\/linitiative.ca\/International\/wp-json\/wp\/v2\/tags?post=89813"}],"curies":[{"name":"wp","href":"https:\/\/api.w.org\/{rel}","templated":true}]}}