{"id":89814,"date":"2020-06-22T09:58:36","date_gmt":"2020-06-22T13:58:36","guid":{"rendered":"https:\/\/linitiative.ca\/International\/camair-co-suspend-les-contrats-de-250-employes\/"},"modified":"2020-06-22T09:58:36","modified_gmt":"2020-06-22T13:58:36","slug":"camair-co-suspend-les-contrats-de-250-employes","status":"publish","type":"post","link":"https:\/\/linitiative.ca\/International\/camair-co-suspend-les-contrats-de-250-employes\/","title":{"rendered":"Camair-co suspend les contrats de 250 employ\u00e9s"},"content":{"rendered":"<p>Les mauvaises nouvelles s\u2019accumulent pour la Cameroon Airlines Corporation (Camair co). Apr\u00e8s le r\u00e9cent refus du conseil d\u2019administration d\u2019accorder au directeur g\u00e9n\u00e9ral une enveloppe de sauvetage d\u2019urgence de 2 milliards de FCFA, la compagnie a\u00e9rienne camerounaise vient de d\u00e9cider de suspendre les contrats de travail d\u2019une partie de son personnel. Les employ\u00e9s concern\u00e9s ont \u00e9t\u00e9 inform\u00e9s de cette mesure sociale le 19 juin 2020, \u00e0 travers une d\u00e9cision de Louis Georges Njipendi Kouoto, le directeur g\u00e9n\u00e9ral de l\u2019entreprise publique.\u00a0<\/p>\n<p>Lire aussi : \u2013<strong><a href=\"https:\/\/ecomatin.net\/la-mise-en-chomage-technique-du-personnel-de-camair-co-va-couter-pres-de-15-milliards-de-f-a-letat\/\">La mise en ch\u00f4mage technique du personnel de Camair-Co va co\u00fbter pr\u00e8s de 1,5 milliards de F \u00e0 l\u2019Etat<\/a>\u00a0<\/strong><\/p>\n<p>Pour justifier la d\u00e9cision de suspension de plus de 200 contrats de la compagnie a\u00e9rienne, le directeur g\u00e9n\u00e9ral s\u2019appuie sur \u00abla baisse des activit\u00e9s de l\u2019entreprise et l\u2019absence de revenus\u00bb. Louis Georges Njipendji Kouoto se fonde par ailleurs sur l\u2019article 32 de la loi du 14 ao\u00fbt 1992 portant Code du travail en R\u00e9publique du \u00a0Cameroun. \u00abEn attendant la reprise de l\u2019exploitation, les contrats de travail des personnels de Camair co sont suspendus\u2026.Le traitement des personnels locaux recrut\u00e9s dans les repr\u00e9sentations de la Camair-co \u00e0 l\u2019\u00e9tranger se fera conform\u00e9ment \u00e0 la l\u00e9gislation en vigueur dans les pays concern\u00e9s\u00bb, mentionne la d\u00e9cision. Une note d\u2019information rendue publique ce 21 juin 2020 parle de la suspension des contrats du \u00abpersonnel non essentiel\u00bb.\u00a0<\/p>\n<p>Lire aussi : <strong>Coronavirus: Camair-co va mettre 371 employ\u00e9s en ch\u00f4mage technique\u00a0<\/strong><\/p>\n<p>Cette d\u00e9cision a principalement pour objectifs de limiter l\u2019accroissement de la dette salariale, de r\u00e9duire les risques de contagion du personnel et de ma\u00eetriser les charges de fonctionnement au cours de la pr\u00e9sente phase de gestion de la sortie de crise. Les prochains mois seront consacr\u00e9s \u00e0 la poursuite des actions indispensables \u00e0 la sauvegarde de la Compagnie, afin de garantir \u00e0 son aimable client\u00e8le une reprise harmonieuse \u00a0des vols, dans de meilleures conditions d\u2019exploitation et de s\u00e9curit\u00e9 qui tiennent compte du contexte actuel, indique la note d\u2019information.<\/p>\n<p>Lire aussi : <strong><a href=\"https:\/\/ecomatin.net\/le-gouvernement-refuse-une-subvention-de-2-milliards-fcfa-a-camair-co\/\" target=\"_blank\" rel=\"noreferrer noopener\">Le gouvernement refuse une subvention de 2 milliards FCFA \u00e0 Camair-Co<\/a>\u00a0<\/strong><\/p>\n<p>Comme la plupart des entreprises mondiales, Camair co paie le prix fort de la crise sanitaire du covid-19 au Cameroun. Brandissant l\u2019argument de la pand\u00e9mie, l\u2019entreprise de transport a\u00e9rien a cess\u00e9 toute exploitation commerciale depuis le 1er avril 2020. Quelques jours plut\u00f4t, le 17 mars 2020, le gouvernement camerounais avait d\u00e9cid\u00e9 de la fermeture des fronti\u00e8res face \u00e0 la mont\u00e9e rapide des cas de corona virus. D\u2019apr\u00e8s la d\u00e9cision du directeur g\u00e9n\u00e9ral de la Camair co \u00abla p\u00e9riode de suspension desdits contrats est \u00a0renouvelable le cas \u00e9ch\u00e9ant\u2026..\u00bb. Toutefois, poursuit-il, \u00aben tant que de besoin, et en fonction de l\u2019activit\u00e9, une lev\u00e9e de la suspension du contrat de travail peut \u00eatre d\u00e9cid\u00e9es pour les besoins de service, et l\u2019employ\u00e9 rappel\u00e9\u00bb. La mesure qui prend effet \u00e0 compter de ce 22 juin 2020 prend fin le 21 septembre prochain. Elle\u00a0ne peut par ailleurs exc\u00e9der 6 mois d\u2019application.<\/p>\n<div class=\"awac-wrapper awac widget posts-list-widget-11\">\n<h4 class=\"widget-title\">Le plus r\u00e9cent<\/h4>\n<\/div>\n<p>Auteur: EcoMatin<br \/>\n<a href=\"https:\/\/ecomatin.net\/camair-co-suspend-les-contrats-de-250-employes\/\">Cliquez ici pour lire l&rsquo;article depuis sa source.<\/a><\/p>\n","protected":false},"excerpt":{"rendered":"<p>Les mauvaises nouvelles s\u2019accumulent pour la Cameroon Airlines Corporation (Camair co). Apr\u00e8s le r\u00e9cent refus du conseil d\u2019administration d\u2019accorder au directeur g\u00e9n\u00e9ral une enveloppe de sauvetage d\u2019urgence de 2 milliards de FCFA, la compagnie a\u00e9rienne camerounaise vient de d\u00e9cider de suspendre les contrats de travail d\u2019une partie de son personnel. Les employ\u00e9s concern\u00e9s ont \u00e9t\u00e9 [&hellip;]<\/p>\n","protected":false},"author":1969,"featured_media":0,"comment_status":"closed","ping_status":"closed","sticky":false,"template":"","format":"standard","meta":{"fifu_image_url":"","fifu_image_alt":"","footnotes":""},"categories":[82,78],"tags":[],"class_list":["post-89814","post","type-post","status-publish","format-standard","hentry","category-cameroun","category-economie"],"_links":{"self":[{"href":"https:\/\/linitiative.ca\/International\/wp-json\/wp\/v2\/posts\/89814","targetHints":{"allow":["GET"]}}],"collection":[{"href":"https:\/\/linitiative.ca\/International\/wp-json\/wp\/v2\/posts"}],"about":[{"href":"https:\/\/linitiative.ca\/International\/wp-json\/wp\/v2\/types\/post"}],"author":[{"embeddable":true,"href":"https:\/\/linitiative.ca\/International\/wp-json\/wp\/v2\/users\/1969"}],"replies":[{"embeddable":true,"href":"https:\/\/linitiative.ca\/International\/wp-json\/wp\/v2\/comments?post=89814"}],"version-history":[{"count":0,"href":"https:\/\/linitiative.ca\/International\/wp-json\/wp\/v2\/posts\/89814\/revisions"}],"wp:attachment":[{"href":"https:\/\/linitiative.ca\/International\/wp-json\/wp\/v2\/media?parent=89814"}],"wp:term":[{"taxonomy":"category","embeddable":true,"href":"https:\/\/linitiative.ca\/International\/wp-json\/wp\/v2\/categories?post=89814"},{"taxonomy":"post_tag","embeddable":true,"href":"https:\/\/linitiative.ca\/International\/wp-json\/wp\/v2\/tags?post=89814"}],"curies":[{"name":"wp","href":"https:\/\/api.w.org\/{rel}","templated":true}]}}