{"id":89815,"date":"2020-06-22T10:06:11","date_gmt":"2020-06-22T14:06:11","guid":{"rendered":"https:\/\/linitiative.ca\/International\/la-banane-camerounaise-a-lepreuve-des-ape\/"},"modified":"2020-06-22T10:06:11","modified_gmt":"2020-06-22T14:06:11","slug":"la-banane-camerounaise-a-lepreuve-des-ape","status":"publish","type":"post","link":"https:\/\/linitiative.ca\/International\/la-banane-camerounaise-a-lepreuve-des-ape\/","title":{"rendered":"La banane camerounaise \u00e0 l\u2019\u00e9preuve des APE"},"content":{"rendered":"<p>Entre janvier et mai 2020, le Cameroun a export\u00e9 77\u00a0792 tonnes de banane. Une performance qui se situe \u00e0 des ann\u00e9es lumi\u00e8res de ce que r\u00e9alisait le pays il y\u2019a exactement 5ans. En 2015, c\u2019est 117\u00a0806 tonnes qui \u00e9taient export\u00e9es dans le m\u00eame intervalle de temps, soit plus de 40\u00a0000 tonnes suppl\u00e9mentaires que cette ann\u00e9e. S\u2019il est vrai que la crise sanitaire actuelle a contribu\u00e9 \u00e0 gripp\u00e9 le commerce international, force est de constater que cette fili\u00e8re fait face depuis quelques ann\u00e9es \u00e0 des d\u00e9fis conjoncturels qui impactent sur son rendement. M\u00eame l\u2019entr\u00e9e en vigueur, en ao\u00fbt 2016, des Accords de partenariat \u00e9conomique (Ape) entre le Cameroun et les pays de l\u2019Union europ\u00e9enne, n\u2019a pas contribu\u00e9 \u00e0 relever la pente. Cet accord bilat\u00e9ral pr\u00e9voyait que les produits camerounais puissent avoir un libre acc\u00e8s sur le march\u00e9 europ\u00e9en. En contrepartie, le pays acceptait de se soumettre \u00e0 un d\u00e9mant\u00e8lement progressif des barri\u00e8res tarifaires impos\u00e9es aux importations de l\u2019Union europ\u00e9enne. Si de nombreux \u00e9conomistes redoutaient une invasion du march\u00e9 local par les produits europ\u00e9ens, beaucoup s\u2019accordaient sur le fait que le libre acc\u00e8s au march\u00e9 europ\u00e9en \u00e9tait une aubaine pour conqu\u00e9rir de nouvelles parts de march\u00e9 et accro\u00eetre la production dans des fili\u00e8res notamment agricoles. Une aubaine surtout pour la banane, qui est le troisi\u00e8me produit d\u2019exportation au Cameroun et dont 98% du volume de est export\u00e9 vers l\u2019Union Europ\u00e9enne(UE). Mais seulement, depuis l\u2019entr\u00e9e en vigueur des Ape, les attentes sont relativement combl\u00e9es.<\/p>\n<p>Lire aussi : <strong><a href=\"https:\/\/ecomatin.net\/mis-en-place-de-lape-le-cameroun-perd-10-milliards-fcfa-en-4-ans\/\">Mis en place de l\u2019APE : le Cameroun perd 10 milliards FCFA en 4 ans<\/a>\u00a0<\/strong><\/p>\n<p><strong>Bilan mitig\u00e9<\/strong><\/p>\n<p>En janvier 2020, lorsqu\u2019il est interrog\u00e9 sur le bilan des accords de partenariat \u00e9conomiques, le chef de la d\u00e9l\u00e9gation de l\u2019Union europ\u00e9enne (UE) au Cameroun, \u00a0Hans-Peter Schadek, semble plut\u00f4t optimiste. \u00ab\u00a0La balance commerciale entre le Cameroun et l\u2019UE reste positive en faveur du Cameroun\u00a0\u00bb d\u00e9clarait-il. D\u2019apr\u00e8s le diplomate, en 2018, le Cameroun a export\u00e9 vers le march\u00e9 europ\u00e9en des produits pour une valeur d\u2019environ 1,8 milliard d\u2019euros (environ 1179 milliards FCFA) et import\u00e9 des produits europ\u00e9ens pour une valeur d\u2019environ 1,6 milliard d\u2019euros (pr\u00e8s de 1\u2009048 milliards FCFA), soit une balance commerciale exc\u00e9dentaire de 131 milliards FCFA en faveur du Cameroun. Pour l\u2019ann\u00e9e 2019, pr\u00e9cise le diplomate, les donn\u00e9es pr\u00e9liminaires sont comparables aux chiffres de 2018.<\/p>\n<p>Satisf\u00e9cit \u00e9galement au niveau du gouvernement camerounais. Selon les chiffres du Minist\u00e8re de l\u2019\u00e9conomie, 4135 op\u00e9rations d\u2019importations ont b\u00e9n\u00e9fici\u00e9 des facilit\u00e9s li\u00e9es \u00e0 l\u2019Ape, entre ao\u00fbt 2016 et ao\u00fbt 2018. En valeur num\u00e9raire, ces marchandises import\u00e9es de l\u2019Union Europ\u00e9ennes, en franchise de douane, sont \u00e9valu\u00e9es \u00e0 156,3 milliards de FCFA. Par ailleurs, le nombre d\u2019op\u00e9rateurs b\u00e9n\u00e9ficiaires directs connait une \u00e9volution \u00e0 la hausse. Parti de 229 \u00e0 la fin de la premi\u00e8re ann\u00e9e du d\u00e9mant\u00e8lement tarifaire, ce nombre est pass\u00e9 \u00e0 344, soit une augmentation de 114 nouveaux b\u00e9n\u00e9ficiaires. Cependant, en observant de pr\u00e8s les donn\u00e9es statistiques publi\u00e9es par l\u2019Association banani\u00e8re du Cameroun, l\u2019embellie semble ne pas se refl\u00e9ter au sein de la fili\u00e8re banane. Entre 2017, 2018 et 2019, le pays a export\u00e9 respectivement pr\u00e8s de 223\u00a0012, 203\u00a0721 et 204\u00a0302 tonnes de banane. En faisant un retour en arri\u00e8re, avant la signature de cet accord, les chiffres des exportations de la banane camerounaise \u00e9taient bien plus encourageants. 249\u00a0610 tonnes en 2016 et 278 450 tonnes un an plus t\u00f4t. Cette ann\u00e9e-l\u00e0 le pays avait m\u00eame d\u00e9tr\u00f4n\u00e9 la C\u00f4te d\u2019Ivoire au rang de premier producteur de banane dans la zone Afrique-Cara\u00efbes-Pacifique (ACP), devenant ainsi le premier fournisseur africain de banane sur le march\u00e9 europ\u00e9en. Une performance que le pays n\u2019a plus jamais avoisin\u00e9e depuis l\u2019entr\u00e9e en vigueur des APE.<\/p>\n<p>Lire aussi : <strong><a href=\"https:\/\/ecomatin.net\/les-exportations-de-bananes-du-cameroun-en-baisse-de-plus-de-48-000-tonnes\/\">Les exportations de bananes du Cameroun en baisse de plus de 48 000 tonnes<\/a>\u00a0<\/strong><\/p>\n<p><strong>Crise anglophone<\/strong><\/p>\n<p>La crise s\u00e9curitaire dans les r\u00e9gions anglophones du Cameroun constitue, en effet, un \u00e9l\u00e9ment important qui pourrait expliquer la baisse des exportations de banane que conna\u00eet le Cameroun aujourd\u2019hui, malgr\u00e9 l\u2019ouverture au march\u00e9 europ\u00e9en. Depuis le d\u00e9but de la crise, les principaux producteurs broient du noir. C\u2019est le cas notamment de la Cameroon development corporation(Cdc), la premi\u00e8re agro-industrie du pays, dont l\u2019essentiel des plantations et usines se trouvent dans la r\u00e9gion du Sud-Ouest Cameroun. Les champs et les usines vandalis\u00e9s, les ouvriers attaqu\u00e9s et parfois assassin\u00e9s, des productions enti\u00e8res abandonn\u00e9es l\u2019entreprise, qui jusqu\u2019alors \u00e9tait le premier employeur priv\u00e9 du pays s\u2019est vu dans l\u2019obligation de stopper sa production D\u2019apr\u00e8s un rapport publi\u00e9 en 2018 par le Groupement Inter patronal du Cameroun(Gicam), la soci\u00e9t\u00e9 s\u2019\u00e9tait retrouv\u00e9 dans l\u2019obligation de suspendre pr\u00e8s de 11\u00a0000 emplois. Celle-ci affichait d\u2019ailleurs, un chiffre d\u2019affaires d\u2019\u00e0 peine 2,5 milliards de Fcfa sur les quelque 60 milliards affich\u00e9s avant la crise. Depuis lors la production de cette mastodonte de l\u2019agro-alimentaire a ainsi \u00e9t\u00e9 plac\u00e9e en berne impactant de mani\u00e8re consid\u00e9rable l\u2019ensemble de la production nationale et par ricochet des exportations. Cet \u00e9tat de fait pourrait bien expliquer les contreperformances susmentionn\u00e9es. Sur le site internet de l\u2019Assobacam, la CDC qui jadis r\u00e9alisait de bonnes performances se trouve d\u00e9sormais dans la zone rouge. Seules la PHP et Bpl portent la production nationale de banane au Cameroun.<\/p>\n<p>Lire aussi : <strong><a href=\"https:\/\/ecomatin.net\/le-cameroun-a-exporte-18%e2%80%89309-tonnes-de-banane-en-septembre-2019\/\" target=\"_blank\" rel=\"noreferrer noopener\">Le Cameroun a export\u00e9 18\u2009309 tonnes de banane en septembre 2019<\/a>\u00a0<\/strong><\/p>\n<p><strong>Relance<\/strong><\/p>\n<p>Pour relancer ses activit\u00e9s, la CDC avait sollicit\u00e9 aupr\u00e8s du gouvernement un montant\u00a0 de 29 milliards de F CFA soit 7 milliards dans le secteur de l\u2019h\u00e9v\u00e9a, 14 milliards pour les bananeraies, 7 milliards pour les palmeraies et 1 milliard pour le paiement des arri\u00e9r\u00e9s de salaire. Un sacrifice le gouvernement camerounais est pr\u00eat \u00e0 consentir. Une note d\u2019analyse, du minist\u00e8re de l\u2019\u00e9conomie de la planification et de l\u2019am\u00e9nagement du territoire(Minepat) r\u00e9v\u00e8le que le pays mise sur la reprise des activit\u00e9s de cette agro-industrie.<\/p>\n<div class=\"awac-wrapper awac widget posts-list-widget-11\">\n<h4 class=\"widget-title\">Le plus r\u00e9cent<\/h4>\n<\/div>\n<p>Auteur: EcoMatin<br \/>\n<a href=\"https:\/\/ecomatin.net\/la-banane-camerounaise-a-lepreuve-des-ape\/\">Cliquez ici pour lire l&rsquo;article depuis sa source.<\/a><\/p>\n","protected":false},"excerpt":{"rendered":"<p>Entre janvier et mai 2020, le Cameroun a export\u00e9 77\u00a0792 tonnes de banane. Une performance qui se situe \u00e0 des ann\u00e9es lumi\u00e8res de ce que r\u00e9alisait le pays il y\u2019a exactement 5ans. En 2015, c\u2019est 117\u00a0806 tonnes qui \u00e9taient export\u00e9es dans le m\u00eame intervalle de temps, soit plus de 40\u00a0000 tonnes suppl\u00e9mentaires que cette ann\u00e9e. [&hellip;]<\/p>\n","protected":false},"author":1969,"featured_media":0,"comment_status":"closed","ping_status":"closed","sticky":false,"template":"","format":"standard","meta":{"fifu_image_url":"","fifu_image_alt":"","footnotes":""},"categories":[82,78],"tags":[],"class_list":["post-89815","post","type-post","status-publish","format-standard","hentry","category-cameroun","category-economie"],"_links":{"self":[{"href":"https:\/\/linitiative.ca\/International\/wp-json\/wp\/v2\/posts\/89815","targetHints":{"allow":["GET"]}}],"collection":[{"href":"https:\/\/linitiative.ca\/International\/wp-json\/wp\/v2\/posts"}],"about":[{"href":"https:\/\/linitiative.ca\/International\/wp-json\/wp\/v2\/types\/post"}],"author":[{"embeddable":true,"href":"https:\/\/linitiative.ca\/International\/wp-json\/wp\/v2\/users\/1969"}],"replies":[{"embeddable":true,"href":"https:\/\/linitiative.ca\/International\/wp-json\/wp\/v2\/comments?post=89815"}],"version-history":[{"count":0,"href":"https:\/\/linitiative.ca\/International\/wp-json\/wp\/v2\/posts\/89815\/revisions"}],"wp:attachment":[{"href":"https:\/\/linitiative.ca\/International\/wp-json\/wp\/v2\/media?parent=89815"}],"wp:term":[{"taxonomy":"category","embeddable":true,"href":"https:\/\/linitiative.ca\/International\/wp-json\/wp\/v2\/categories?post=89815"},{"taxonomy":"post_tag","embeddable":true,"href":"https:\/\/linitiative.ca\/International\/wp-json\/wp\/v2\/tags?post=89815"}],"curies":[{"name":"wp","href":"https:\/\/api.w.org\/{rel}","templated":true}]}}