{"id":89820,"date":"2020-06-23T10:29:01","date_gmt":"2020-06-23T14:29:01","guid":{"rendered":"https:\/\/linitiative.ca\/International\/smartphones-la-serie-a-de-oppo-accueille-le-tout-nouveau-a92\/"},"modified":"2020-06-23T10:29:01","modified_gmt":"2020-06-23T14:29:01","slug":"smartphones-la-serie-a-de-oppo-accueille-le-tout-nouveau-a92","status":"publish","type":"post","link":"https:\/\/linitiative.ca\/International\/smartphones-la-serie-a-de-oppo-accueille-le-tout-nouveau-a92\/","title":{"rendered":"Smartphones : La s\u00e9rie A de Oppo accueille le tout nouveau A92"},"content":{"rendered":"<header>\n<\/header>\n<div class=\"entry-content clearfix\" readability=\"58\"><img decoding=\"async\" class=\"post_layout_5_img\" src=\"http:\/\/aujourdhui.ma\/wp-content\/uploads\/2020\/06\/OPPO-A92.jpg\" alt=\"Smartphones : La s&#xE9;rie A de Oppo accueille le tout nouveau A92\"\/><\/p>\n<p><span class=\"c5\"><strong>A partir du 27 juin prochain, le march\u00e9 des smartphones accueillera un nouveau venu.<\/strong><\/span><span id=\"more-348482\"\/><\/p>\n<p>Il s\u2019agit du Oppo A92, un smartphone \u00e9tudi\u00e9 pour permettre aux jeunes de profiter d\u2019un maximum de connectivit\u00e9 et de divertissement, notamment dans le contexte actuel d\u2019apr\u00e8s-confinement. Afin d\u2019\u00eatre au diapason avec les besoins du march\u00e9 national et m\u00eame au-del\u00e0, Oppo a dot\u00e9 son A92 d\u2019un design rafra\u00eechissant, ainsi que de caract\u00e9ristiques techniques de \u00abtr\u00e8s haut calibre\u00bb, et ce tant sur le plan mat\u00e9riel que logiciel.<\/p>\n<p>Il est ainsi \u00e9quip\u00e9 de toute une panoplie de fonctions photographiques de pointe. Les utilisateurs du Oppo A92 auront de fait la possibilit\u00e9 de capturer des images qualifi\u00e9es d\u2019\u00e9poustouflantes, et ce quel que soit l\u2019endroit ou l\u2019objet photographi\u00e9 (vastes plateaux, rues \u00e9troites de ville, plages ensoleill\u00e9es, nuits sombres et sans lune\u2026).<\/p>\n<p>Oppo a en outre proc\u00e9d\u00e9 \u00e0 des ajustements novateurs lors de la conception du Oppo A92. Ainsi, ce nouveau smartphone fait passer l\u2019aspect esth\u00e9tique \u00e0 un tout autre niveau avec son grand \u00e9cran FHD+ immersif et sa performance sonore double haut-parleurs st\u00e9r\u00e9o et sa batterie \u00e0 haute autonomie.<\/p>\n<\/div>\n<p>Auteur: ALM<br \/>\n<a href=\"https:\/\/aujourdhui.ma\/high-tech\/smartphones-la-serie-a-de-oppo-accueille-le-tout-nouveau-a92\">Cliquez ici pour lire l&rsquo;article depuis sa source.<\/a><\/p>\n","protected":false},"excerpt":{"rendered":"<p>A partir du 27 juin prochain, le march\u00e9 des smartphones accueillera un nouveau venu. Il s\u2019agit du Oppo A92, un smartphone \u00e9tudi\u00e9 pour permettre aux jeunes de profiter d\u2019un maximum de connectivit\u00e9 et de divertissement, notamment dans le contexte actuel d\u2019apr\u00e8s-confinement. Afin d\u2019\u00eatre au diapason avec les besoins du march\u00e9 national et m\u00eame au-del\u00e0, Oppo [&hellip;]<\/p>\n","protected":false},"author":1759,"featured_media":89821,"comment_status":"closed","ping_status":"closed","sticky":false,"template":"","format":"standard","meta":{"fifu_image_url":"","fifu_image_alt":"","footnotes":""},"categories":[73,54],"tags":[],"class_list":["post-89820","post","type-post","status-publish","format-standard","has-post-thumbnail","hentry","category-actualite","category-maroc"],"_links":{"self":[{"href":"https:\/\/linitiative.ca\/International\/wp-json\/wp\/v2\/posts\/89820","targetHints":{"allow":["GET"]}}],"collection":[{"href":"https:\/\/linitiative.ca\/International\/wp-json\/wp\/v2\/posts"}],"about":[{"href":"https:\/\/linitiative.ca\/International\/wp-json\/wp\/v2\/types\/post"}],"author":[{"embeddable":true,"href":"https:\/\/linitiative.ca\/International\/wp-json\/wp\/v2\/users\/1759"}],"replies":[{"embeddable":true,"href":"https:\/\/linitiative.ca\/International\/wp-json\/wp\/v2\/comments?post=89820"}],"version-history":[{"count":0,"href":"https:\/\/linitiative.ca\/International\/wp-json\/wp\/v2\/posts\/89820\/revisions"}],"wp:featuredmedia":[{"embeddable":true,"href":"https:\/\/linitiative.ca\/International\/wp-json\/"}],"wp:attachment":[{"href":"https:\/\/linitiative.ca\/International\/wp-json\/wp\/v2\/media?parent=89820"}],"wp:term":[{"taxonomy":"category","embeddable":true,"href":"https:\/\/linitiative.ca\/International\/wp-json\/wp\/v2\/categories?post=89820"},{"taxonomy":"post_tag","embeddable":true,"href":"https:\/\/linitiative.ca\/International\/wp-json\/wp\/v2\/tags?post=89820"}],"curies":[{"name":"wp","href":"https:\/\/api.w.org\/{rel}","templated":true}]}}