{"id":89824,"date":"2020-06-23T11:06:43","date_gmt":"2020-06-23T15:06:43","guid":{"rendered":"https:\/\/linitiative.ca\/International\/fes-un-policier-contraint-de-degainer-son-arme-pour-arreter-un-dangereux-individu\/"},"modified":"2020-06-23T11:06:43","modified_gmt":"2020-06-23T15:06:43","slug":"fes-un-policier-contraint-de-degainer-son-arme-pour-arreter-un-dangereux-individu","status":"publish","type":"post","link":"https:\/\/linitiative.ca\/International\/fes-un-policier-contraint-de-degainer-son-arme-pour-arreter-un-dangereux-individu\/","title":{"rendered":"F\u00e8s : Un policier contraint  de d\u00e9gainer son arme pour  arr\u00eater un dangereux individu"},"content":{"rendered":"<header>\n<\/header>\n<div class=\"entry-content clearfix\" readability=\"49\"><img decoding=\"async\" class=\"post_layout_5_img\" src=\"http:\/\/aujourdhui.ma\/wp-content\/uploads\/2016\/10\/Police-Pistolet-Maroc.jpg\" alt=\"F&#xE8;s : Un policier contraint de d&#xE9;gainer son arme pour arr&#xEA;ter un dangereux individu\"\/><\/p>\n<p><span class=\"c5\"><strong>Un officier de paix relevant de l\u2019unit\u00e9 mobile de la police de secours \u00e0 la pr\u00e9fecture de police de F\u00e8s a \u00e9t\u00e9 contraint, mardi matin, de d\u00e9gainer son arme de service sans en faire usage pour interpeller un individu de 30 ans aux ant\u00e9c\u00e9dents judiciaires qui \u00e9tait en \u00e9tat d\u2019\u00e9bri\u00e9t\u00e9 avanc\u00e9e et d\u2019impulsivit\u00e9, et avait expos\u00e9 la vie des citoyens et des \u00e9l\u00e9ments de la police \u00e0 une grave menace \u00e0 l\u2019aide d\u2019une arme blanche.<\/strong><\/span> <span id=\"more-348537\"\/><\/p>\n<p>La salle de commandement et de coordination relevant de la pr\u00e9fecture de police de F\u00e8s a \u00e9t\u00e9 avis\u00e9e de menaces \u00e0 l\u2019arme blanche dont auraient \u00e9t\u00e9 victimes deux personnes au quartier \u00abSidi Lhadi\u00bb, ce qui a n\u00e9cessit\u00e9 l\u2019intervention d\u2019une patrouille sur place, indique un communiqu\u00e9 de la Direction g\u00e9n\u00e9rale de la s\u00fbret\u00e9 nationale (DGSN), pr\u00e9cisant que le suspect a oppos\u00e9 une r\u00e9sistance violente \u00e0 l\u2019aide d\u2019une arme blanche, contraignant l\u2019un des \u00e9l\u00e9ments de la patrouille \u00e0 d\u00e9gainer son arme de service, ce qui a permis d\u2019interpeller le suspect, de neutraliser le danger et de saisir l\u2019arme blanche utilis\u00e9e dans cette agression.<\/p>\n<\/div>\n<p>Auteur: ALM<br \/>\n<a href=\"https:\/\/aujourdhui.ma\/faits-divers\/fes-un-policier-contraint-de-degainer-son-arme-pour-arreter-un-dangereux-individu\">Cliquez ici pour lire l&rsquo;article depuis sa source.<\/a><\/p>\n","protected":false},"excerpt":{"rendered":"<p>Un officier de paix relevant de l\u2019unit\u00e9 mobile de la police de secours \u00e0 la pr\u00e9fecture de police de F\u00e8s a \u00e9t\u00e9 contraint, mardi matin, de d\u00e9gainer son arme de service sans en faire usage pour interpeller un individu de 30 ans aux ant\u00e9c\u00e9dents judiciaires qui \u00e9tait en \u00e9tat d\u2019\u00e9bri\u00e9t\u00e9 avanc\u00e9e et d\u2019impulsivit\u00e9, et avait [&hellip;]<\/p>\n","protected":false},"author":1759,"featured_media":89825,"comment_status":"closed","ping_status":"closed","sticky":false,"template":"","format":"standard","meta":{"fifu_image_url":"","fifu_image_alt":"","footnotes":""},"categories":[73,54],"tags":[],"class_list":["post-89824","post","type-post","status-publish","format-standard","has-post-thumbnail","hentry","category-actualite","category-maroc"],"_links":{"self":[{"href":"https:\/\/linitiative.ca\/International\/wp-json\/wp\/v2\/posts\/89824","targetHints":{"allow":["GET"]}}],"collection":[{"href":"https:\/\/linitiative.ca\/International\/wp-json\/wp\/v2\/posts"}],"about":[{"href":"https:\/\/linitiative.ca\/International\/wp-json\/wp\/v2\/types\/post"}],"author":[{"embeddable":true,"href":"https:\/\/linitiative.ca\/International\/wp-json\/wp\/v2\/users\/1759"}],"replies":[{"embeddable":true,"href":"https:\/\/linitiative.ca\/International\/wp-json\/wp\/v2\/comments?post=89824"}],"version-history":[{"count":0,"href":"https:\/\/linitiative.ca\/International\/wp-json\/wp\/v2\/posts\/89824\/revisions"}],"wp:featuredmedia":[{"embeddable":true,"href":"https:\/\/linitiative.ca\/International\/wp-json\/"}],"wp:attachment":[{"href":"https:\/\/linitiative.ca\/International\/wp-json\/wp\/v2\/media?parent=89824"}],"wp:term":[{"taxonomy":"category","embeddable":true,"href":"https:\/\/linitiative.ca\/International\/wp-json\/wp\/v2\/categories?post=89824"},{"taxonomy":"post_tag","embeddable":true,"href":"https:\/\/linitiative.ca\/International\/wp-json\/wp\/v2\/tags?post=89824"}],"curies":[{"name":"wp","href":"https:\/\/api.w.org\/{rel}","templated":true}]}}