{"id":89826,"date":"2020-06-23T11:20:27","date_gmt":"2020-06-23T15:20:27","guid":{"rendered":"https:\/\/linitiative.ca\/International\/linterprofession-des-fruits-rouges-reagit\/"},"modified":"2020-06-23T11:20:27","modified_gmt":"2020-06-23T15:20:27","slug":"linterprofession-des-fruits-rouges-reagit","status":"publish","type":"post","link":"https:\/\/linitiative.ca\/International\/linterprofession-des-fruits-rouges-reagit\/","title":{"rendered":"L\u2019interprofession des fruits rouges r\u00e9agit"},"content":{"rendered":"<header>\n<\/header>\n<div class=\"entry-content clearfix\" readability=\"65\"><img decoding=\"async\" class=\"post_layout_5_img\" src=\"http:\/\/aujourdhui.ma\/wp-content\/uploads\/2020\/06\/Fruits-Rouges-Maroc.jpg\" alt=\"L&#x2019;interprofession des fruits rouges r&#xE9;agit\"\/><\/p>\n<p><span class=\"c6\"><strong><span class=\"c5\">Le secteur a \u00e9t\u00e9 point\u00e9 du doigt apr\u00e8s l\u2019apparition de clusters dans la province de K\u00e9nitra<\/span><\/strong><\/span><span id=\"more-348559\"\/><\/p>\n<p>Les quelque 700 cas positifs recens\u00e9s dans des unit\u00e9s de conditionnement de fraises dans la province de K\u00e9nitra ont jet\u00e9 un pav\u00e9 dans la mare. Dans un communiqu\u00e9 parvenu \u00e0 Aujourd\u2019hui Le Maroc, la F\u00e9d\u00e9ration interprofessionnelle marocaine des fruits rouges condamne fermement la d\u00e9sinformation de l\u2019opinion publique et le ciblage du secteur des fruits rouges au lieu d\u2019opter pour la solidarit\u00e9 et l\u2019unification du front national dans cette situation difficile. Avec pour objectif le d\u00e9veloppement et la promotion de la fili\u00e8re des fruits rouges, la F\u00e9d\u00e9ration indique poursuivre son implication active dans la campagne nationale de lutte contre la pand\u00e9mie Covid-19.<\/p>\n<p>Elle rappelle que le secteur des fruits rouges se caract\u00e9rise par sa grande capacit\u00e9 concurrentielle due au haut niveau d\u2019organisation des producteurs et des conditionneurs et de leur respect des normes internationales relatives \u00e0 la s\u00e9curit\u00e9 sanitaire et au respect des normes sociales et r\u00e9glementaires.<br \/>Chiffres \u00e0 l\u2019appui, la F\u00e9d\u00e9ration souligne que ce secteur est pourvoyeur de 17 millions de jours ouvrables au cours de cette ann\u00e9e. Il rapporte \u00e0 l\u2019Etat plus de 5 milliards de dirhams de devises et fournit 100.000 emplois directs et 250.000 emplois indirects.<\/p>\n<p>Jusqu\u2019\u00e0 la fin du mois de mai de cette ann\u00e9e, ce secteur a r\u00e9ussi \u00e0 exporter 20.363 tonnes de fraises fra\u00eeches, 37.748 tonnes de framboises, 33.355 tonnes de myrtilles et 59.225 tonnes de fraises surgel\u00e9es. Par ailleurs, la F\u00e9d\u00e9ration pr\u00e9cise qu\u2019elle respecte scrupuleusement la discipline et l\u2019alignement des unit\u00e9s industrielles et des unit\u00e9s de production dans l\u2019application des normes de s\u00e9curit\u00e9 sanitaire repr\u00e9sent\u00e9es notamment par le respect de la distance de s\u00e9curit\u00e9 et espacement social, la mise en place de barri\u00e8res protectrices entre les travailleuses, la r\u00e9duction du nombre de passagers de plus de 50%, la st\u00e9rilisation des transports, la fourniture de plus de 700.000 masques, et la formation de comit\u00e9s sur le terrain pour sensibiliser et encadrer les travailleuses.<\/p>\n<p>Et de conclure que \u00abmalgr\u00e9 tous ces efforts, le comportement des individus et des groupes en dehors des heures de travail demeure incontr\u00f4lable. Mais la F\u00e9d\u00e9ration continuera sa mobilisation et poursuivra ses efforts pour prot\u00e9ger toutes les personnes et tous les intervenants dans le secteur\u00bb.<\/p>\n<\/div>\n<p>Auteur: ALM<br \/>\n<a href=\"https:\/\/aujourdhui.ma\/economie\/linterprofession-des-fruits-rouges-reagit\">Cliquez ici pour lire l&rsquo;article depuis sa source.<\/a><\/p>\n","protected":false},"excerpt":{"rendered":"<p>Le secteur a \u00e9t\u00e9 point\u00e9 du doigt apr\u00e8s l\u2019apparition de clusters dans la province de K\u00e9nitra Les quelque 700 cas positifs recens\u00e9s dans des unit\u00e9s de conditionnement de fraises dans la province de K\u00e9nitra ont jet\u00e9 un pav\u00e9 dans la mare. Dans un communiqu\u00e9 parvenu \u00e0 Aujourd\u2019hui Le Maroc, la F\u00e9d\u00e9ration interprofessionnelle marocaine des fruits [&hellip;]<\/p>\n","protected":false},"author":1759,"featured_media":89827,"comment_status":"closed","ping_status":"closed","sticky":false,"template":"","format":"standard","meta":{"fifu_image_url":"","fifu_image_alt":"","footnotes":""},"categories":[73,54],"tags":[],"class_list":["post-89826","post","type-post","status-publish","format-standard","has-post-thumbnail","hentry","category-actualite","category-maroc"],"_links":{"self":[{"href":"https:\/\/linitiative.ca\/International\/wp-json\/wp\/v2\/posts\/89826","targetHints":{"allow":["GET"]}}],"collection":[{"href":"https:\/\/linitiative.ca\/International\/wp-json\/wp\/v2\/posts"}],"about":[{"href":"https:\/\/linitiative.ca\/International\/wp-json\/wp\/v2\/types\/post"}],"author":[{"embeddable":true,"href":"https:\/\/linitiative.ca\/International\/wp-json\/wp\/v2\/users\/1759"}],"replies":[{"embeddable":true,"href":"https:\/\/linitiative.ca\/International\/wp-json\/wp\/v2\/comments?post=89826"}],"version-history":[{"count":0,"href":"https:\/\/linitiative.ca\/International\/wp-json\/wp\/v2\/posts\/89826\/revisions"}],"wp:featuredmedia":[{"embeddable":true,"href":"https:\/\/linitiative.ca\/International\/wp-json\/"}],"wp:attachment":[{"href":"https:\/\/linitiative.ca\/International\/wp-json\/wp\/v2\/media?parent=89826"}],"wp:term":[{"taxonomy":"category","embeddable":true,"href":"https:\/\/linitiative.ca\/International\/wp-json\/wp\/v2\/categories?post=89826"},{"taxonomy":"post_tag","embeddable":true,"href":"https:\/\/linitiative.ca\/International\/wp-json\/wp\/v2\/tags?post=89826"}],"curies":[{"name":"wp","href":"https:\/\/api.w.org\/{rel}","templated":true}]}}