{"id":89832,"date":"2020-06-23T11:14:48","date_gmt":"2020-06-23T15:14:48","guid":{"rendered":"https:\/\/linitiative.ca\/International\/stroc-veut-preserver-ses-relations-commerciales\/"},"modified":"2020-06-23T11:14:48","modified_gmt":"2020-06-23T15:14:48","slug":"stroc-veut-preserver-ses-relations-commerciales","status":"publish","type":"post","link":"https:\/\/linitiative.ca\/International\/stroc-veut-preserver-ses-relations-commerciales\/","title":{"rendered":"Stroc veut pr\u00e9server ses relations commerciales"},"content":{"rendered":"<p class=\"c2\"><strong>Kaoutar Khennach<\/strong><\/p>\n<p class=\"has-text-color c3\"><strong>Stroc vient de publier un avis de convocation pour une assembl\u00e9e g\u00e9n\u00e9rale pr\u00e9vue le 24 juillet afin de trancher sur une question comptable en relation avec les liens commerciaux. Le sp\u00e9cialiste de l\u2019ing\u00e9nierie de construction, Stroc, qui vit depuis 2011 une crise financi\u00e8re a d\u00e9voil\u00e9 son r\u00e9sultat net au titre de l\u2019ann\u00e9e 2019.<\/strong><\/p>\n<p>Ainsi, la perte nette s\u2019est \u00e9tablie en 2019 \u00e0 -103,7 millions de DH contre -116,2 millions de DH en 2018. Ainsi, le report \u00e0 nouveau a atteint pr\u00e8s de -598 millions de DH. Signalons, \u00e0 ce titre, que Stroc b\u00e9n\u00e9ficie de la proc\u00e9dure de sauvegarde. En effet, le tribunal de commerce de Casablanca, avait d\u00e9cid\u00e9 le 12 juillet 2018, de mettre Stroc Industrie sous proc\u00e9dure de mise en sauvegarde. Cette d\u00e9cision a \u00e9t\u00e9 confirm\u00e9e le 9 mai 2019, pour une application sur 5 ans.<\/p>\n<p>D\u2019ailleurs, gr\u00e2ce \u00e0 cette proc\u00e9dure, la soci\u00e9t\u00e9 a annonc\u00e9 pour 2019 un chiffre d\u2019affaires\u00a0 de 61 millions de DH en hausse de 29,8% par rapport \u00e0 une ann\u00e9e pr\u00e9c\u00e9dente. Au passage, l\u2019OCP est l\u2019un des clients les plus importants de Stroc avec une confiance maintenue malgr\u00e9 les turpitudes actuelles. Aussi, les fonds propres sont de -210 millions de DH pour une dette financi\u00e8re nette de 226 millions de DH.<\/p>\n<p>Par ailleurs, l\u2019assembl\u00e9e g\u00e9n\u00e9rale du 24 juillet prochain de Stroc devra valider une r\u00e9solution relative \u00e0 la validation de la proposition du Conseil d\u2019administration au sujet de la pr\u00e9servation des relations commerciales avec les clients, en ne prenant pas de d\u00e9cision sur la comptabilisation des int\u00e9r\u00eats de retard et des modalit\u00e9s de paiement. Aussi, Stroc avait renforc\u00e9 sa direction g\u00e9n\u00e9rale par Moutaouakil El Baraka, ancien directeur de d\u00e9veloppement industriel \u00e0 l\u2019OCP.<\/p>\n<p>Auteur: M&rsquo;hammed rahal<br \/>\n<a href=\"http:\/\/albayane.press.ma\/stroc-veut-preserver-ses-relations-commerciales.html\">Cliquez ici pour lire l&rsquo;article depuis sa source.<\/a><\/p>\n","protected":false},"excerpt":{"rendered":"<p>Kaoutar Khennach Stroc vient de publier un avis de convocation pour une assembl\u00e9e g\u00e9n\u00e9rale pr\u00e9vue le 24 juillet afin de trancher sur une question comptable en relation avec les liens commerciaux. Le sp\u00e9cialiste de l\u2019ing\u00e9nierie de construction, Stroc, qui vit depuis 2011 une crise financi\u00e8re a d\u00e9voil\u00e9 son r\u00e9sultat net au titre de l\u2019ann\u00e9e 2019. [&hellip;]<\/p>\n","protected":false},"author":1760,"featured_media":0,"comment_status":"closed","ping_status":"closed","sticky":false,"template":"","format":"standard","meta":{"fifu_image_url":"","fifu_image_alt":"","footnotes":""},"categories":[73,54],"tags":[],"class_list":["post-89832","post","type-post","status-publish","format-standard","hentry","category-actualite","category-maroc"],"_links":{"self":[{"href":"https:\/\/linitiative.ca\/International\/wp-json\/wp\/v2\/posts\/89832","targetHints":{"allow":["GET"]}}],"collection":[{"href":"https:\/\/linitiative.ca\/International\/wp-json\/wp\/v2\/posts"}],"about":[{"href":"https:\/\/linitiative.ca\/International\/wp-json\/wp\/v2\/types\/post"}],"author":[{"embeddable":true,"href":"https:\/\/linitiative.ca\/International\/wp-json\/wp\/v2\/users\/1760"}],"replies":[{"embeddable":true,"href":"https:\/\/linitiative.ca\/International\/wp-json\/wp\/v2\/comments?post=89832"}],"version-history":[{"count":0,"href":"https:\/\/linitiative.ca\/International\/wp-json\/wp\/v2\/posts\/89832\/revisions"}],"wp:attachment":[{"href":"https:\/\/linitiative.ca\/International\/wp-json\/wp\/v2\/media?parent=89832"}],"wp:term":[{"taxonomy":"category","embeddable":true,"href":"https:\/\/linitiative.ca\/International\/wp-json\/wp\/v2\/categories?post=89832"},{"taxonomy":"post_tag","embeddable":true,"href":"https:\/\/linitiative.ca\/International\/wp-json\/wp\/v2\/tags?post=89832"}],"curies":[{"name":"wp","href":"https:\/\/api.w.org\/{rel}","templated":true}]}}