{"id":89838,"date":"2020-06-23T09:30:45","date_gmt":"2020-06-23T13:30:45","guid":{"rendered":"https:\/\/linitiative.ca\/International\/les-autorites-saoudiennes-tranchent-un-nombre-limite-de-fideles-se-trouvant-en-a-s-peuvent-pretendre-au-haj\/"},"modified":"2020-06-23T09:30:45","modified_gmt":"2020-06-23T13:30:45","slug":"les-autorites-saoudiennes-tranchent-un-nombre-limite-de-fideles-se-trouvant-en-a-s-peuvent-pretendre-au-haj","status":"publish","type":"post","link":"https:\/\/linitiative.ca\/International\/les-autorites-saoudiennes-tranchent-un-nombre-limite-de-fideles-se-trouvant-en-a-s-peuvent-pretendre-au-haj\/","title":{"rendered":"Les autorit\u00e9s saoudiennes tranchent : Un nombre limit\u00e9 de fid\u00e8les se trouvant en A.S. peuvent pr\u00e9tendre au Haj"},"content":{"rendered":"<p>L\u2019Arabie saoudite a d\u00e9cid\u00e9 de maintenir le p\u00e8lerinage cette ann\u00e9e (1441 de l\u2019h\u00e9gire), mais avec \u00bb un nombre tr\u00e8s limit\u00e9 \u00bb de fid\u00e8les des diff\u00e9rentes nationalit\u00e9s se trouvant \u00e0 l\u2019int\u00e9rieur du Royaume uniquement, a annonc\u00e9 l\u2019ambassadeur de l\u2019Arabie Saoudite \u00e0 Tunis, Mohamed Ben Mahmoud El Ali.<\/p>\n<p>L\u2019objectif est de permettre d\u2019accomplir ces rituels, tout en assurant la s\u00e9curit\u00e9 sanitaire et la distanciation sociale pour prot\u00e9ger les p\u00e8lerins contre la pand\u00e9mie Covid-19, a-t-il avanc\u00e9.<\/p>\n<p>Et d\u2019ajouter que \u00ab cette d\u00e9cision a \u00e9t\u00e9 salu\u00e9e au niveau des pays musulmans et \u00e0 l\u2019\u00e9chelle internationale vu sa grande contribution \u00e0 faire face \u00e0 la pand\u00e9mie Covid-19 et \u00e0 soutenir les efforts des pays et des organisations internationales dans la lutte contre la propagation de ce virus \u00bb.<\/p>\n<p>L\u2019Ambassadeur a rappel\u00e9 que depuis l\u2019apparition du premier cas confirm\u00e9 Covid-19 et sa propagation dans plusieurs pays, l\u2019Arabie Saoudite a pris les mesures de pr\u00e9caution n\u00e9cessaires pour prot\u00e9ger les visiteurs via la suspension du p\u00e8lerinage et la prise en charge des p\u00e8lerins d\u00e9j\u00e0 sur les lieux.<\/p>\n<p>L\u2019Arabie Saoudite a d\u00e9cid\u00e9, le 27 f\u00e9vrier 2020, de suspendre \u00bb temporairement \u00bb l\u2019entr\u00e9e sur son territoire des p\u00e8lerins se rendant \u00e0 La Mecque, dans le but de pr\u00e9venir l\u2019\u00e9mergence du coronavirus (Covid-19) dans le Royaume et sa propagation.<\/p>\n<p>Les autorit\u00e9s saoudiennes ont \u00e9galement suspendu l\u2019entr\u00e9e dans le pays des voyageurs munis d\u2019un visa de tourisme et provenant de pays touch\u00e9s par le coronavirus.<\/p>\n<p>A cet effet, 42 chaines charters Tunis-Djeddah et Tunis-Medina, dont 28 vols Tunisair et 14 Nouvelair, pr\u00e9vus pour la saison 2019-2020 du petit p\u00e8lerinage (La Omra), ont \u00e9t\u00e9 annul\u00e9s, suite \u00e0 la d\u00e9cision de l\u2019Arabie Saoudite de suspendre, temporairement, l\u2019entr\u00e9e sur son territoire des p\u00e8lerins.<\/p>\n<p>Selon le dernier bilan, plus 161 mille personnes ont \u00e9t\u00e9 infect\u00e9es en Arabie Saoudite, dont 105 mille gu\u00e9risons et 1 307 d\u00e9c\u00e8s.<\/p>\n<div class=\"wp-post-author-wrap wp-post-author-shortcode left\">\n<h3 class=\"awpa-title\"\/>\n<div class=\"wp-post-author\">\n<div class=\"awpa-img awpa-author-block square\"><a href=\"http:\/\/lexpertjournal.net\/fr\/?author=5\"><img loading=\"lazy\" decoding=\"async\" alt=\"\" src=\"http:\/\/0.gravatar.com\/avatar\/97f8e10a1c1125ba104a76514ee07b16?s=150&amp;d=mm&amp;r=g\" srcset=\"http:\/\/0.gravatar.com\/avatar\/97f8e10a1c1125ba104a76514ee07b16?s=300&amp;d=mm&amp;r=g 2x\" class=\"avatar avatar-150 photo\" height=\"150\" width=\"150\"\/><\/a><\/div>\n<\/div>\n<\/div>\n<aside class=\"mashsb-container mashsb-main mashsb-stretched\">\n<\/aside>\n<p>Auteur: L&rsquo;expert<br \/>\n<a href=\"http:\/\/lexpertjournal.net\/fr\/?p=15397\">Cliquez ici pour lire l&rsquo;article depuis sa source.<\/a><\/p>\n","protected":false},"excerpt":{"rendered":"<p>L\u2019Arabie saoudite a d\u00e9cid\u00e9 de maintenir le p\u00e8lerinage cette ann\u00e9e (1441 de l\u2019h\u00e9gire), mais avec \u00bb un nombre tr\u00e8s limit\u00e9 \u00bb de fid\u00e8les des diff\u00e9rentes nationalit\u00e9s se trouvant \u00e0 l\u2019int\u00e9rieur du Royaume uniquement, a annonc\u00e9 l\u2019ambassadeur de l\u2019Arabie Saoudite \u00e0 Tunis, Mohamed Ben Mahmoud El Ali. L\u2019objectif est de permettre d\u2019accomplir ces rituels, tout en [&hellip;]<\/p>\n","protected":false},"author":1775,"featured_media":0,"comment_status":"closed","ping_status":"closed","sticky":false,"template":"","format":"standard","meta":{"fifu_image_url":"","fifu_image_alt":"","footnotes":""},"categories":[78,55],"tags":[],"class_list":["post-89838","post","type-post","status-publish","format-standard","hentry","category-economie","category-tunisie"],"_links":{"self":[{"href":"https:\/\/linitiative.ca\/International\/wp-json\/wp\/v2\/posts\/89838","targetHints":{"allow":["GET"]}}],"collection":[{"href":"https:\/\/linitiative.ca\/International\/wp-json\/wp\/v2\/posts"}],"about":[{"href":"https:\/\/linitiative.ca\/International\/wp-json\/wp\/v2\/types\/post"}],"author":[{"embeddable":true,"href":"https:\/\/linitiative.ca\/International\/wp-json\/wp\/v2\/users\/1775"}],"replies":[{"embeddable":true,"href":"https:\/\/linitiative.ca\/International\/wp-json\/wp\/v2\/comments?post=89838"}],"version-history":[{"count":0,"href":"https:\/\/linitiative.ca\/International\/wp-json\/wp\/v2\/posts\/89838\/revisions"}],"wp:attachment":[{"href":"https:\/\/linitiative.ca\/International\/wp-json\/wp\/v2\/media?parent=89838"}],"wp:term":[{"taxonomy":"category","embeddable":true,"href":"https:\/\/linitiative.ca\/International\/wp-json\/wp\/v2\/categories?post=89838"},{"taxonomy":"post_tag","embeddable":true,"href":"https:\/\/linitiative.ca\/International\/wp-json\/wp\/v2\/tags?post=89838"}],"curies":[{"name":"wp","href":"https:\/\/api.w.org\/{rel}","templated":true}]}}