{"id":89839,"date":"2020-06-23T09:33:13","date_gmt":"2020-06-23T13:33:13","guid":{"rendered":"https:\/\/linitiative.ca\/International\/visite-du-president-saied-a-paris-la-france-debloquera-350-millions-deuros-de-prets-pour-la-tunisie\/"},"modified":"2020-06-23T09:33:13","modified_gmt":"2020-06-23T13:33:13","slug":"visite-du-president-saied-a-paris-la-france-debloquera-350-millions-deuros-de-prets-pour-la-tunisie","status":"publish","type":"post","link":"https:\/\/linitiative.ca\/International\/visite-du-president-saied-a-paris-la-france-debloquera-350-millions-deuros-de-prets-pour-la-tunisie\/","title":{"rendered":"Visite du pr\u00e9sident Sa\u00efed \u00e0 Paris : La France d\u00e9bloquera 350 millions d\u2019euros de pr\u00eats pour la Tunisie"},"content":{"rendered":"<p>La France d\u00e9bloquera 350 millions d\u2019euros de pr\u00eats en faveur de la Tunisie pour faire face \u00e0 la crise provoqu\u00e9e par le coronavirus, a annonc\u00e9, lundi \u00e0 Paris, le pr\u00e9sident fran\u00e7ais Emmanuel Macron.<\/p>\n<p>\u00bb La France continue d\u2019apporter tout son soutien \u00e0 la Tunisie notamment dans le domaine de la sant\u00e9 \u00e0 travers la formation de soignants, la modernisation de l\u2019infrastructure comme la construction des h\u00f4pitaux de Gafsa et Sidi Bouzid et la relance de l\u2019activit\u00e9 \u00e9conomique \u00ab , a-t-il ajout\u00e9 devant la presse, \u00e0 l\u2019issue d\u2019un entretien avec le pr\u00e9sident Ka\u00efs Sa\u00efed \u00e0 l\u2019Elys\u00e9e.<\/p>\n<p>Selon le pr\u00e9sident fran\u00e7ais, ce pr\u00eat s\u2019inscrit dans le cadre des engagements pris par la France envers la Tunisie \u00e0 hauteur de 1,7 milliard d\u2019euros jusqu\u2019en 2022 pour agir dans le secteur de la sant\u00e9 et l\u2019emploi des jeunes.<\/p>\n<p>Par ailleurs, Macron a affirm\u00e9 avoir \u00e9voqu\u00e9 avec Ka\u00efs Sa\u00efed des questions r\u00e9gionales d\u2019int\u00e9r\u00eat commun, citant particuli\u00e8rement le dossier libyen.<\/p>\n<p>\u00ab La France et la Tunisie demandent ensemble que les bellig\u00e9rants cessent le feu et tiennent leur engagement de reprendre la n\u00e9gociation engag\u00e9e dans le cadre des Nations unies en vue de restaurer la s\u00e9curit\u00e9 de tous, de proc\u00e9der \u00e0 la r\u00e9unification des institutions libyennes et d\u2019engager la reconstruction au b\u00e9n\u00e9fice de tous les Libyens \u00bb, a avanc\u00e9 le pr\u00e9sident fran\u00e7ais.<\/p>\n<p>Il a indiqu\u00e9 qu\u2019il s\u2019agit d\u2019un chemin difficile qui n\u00e9cessit\u00e9 que \u00bb chacun fait preuve de responsabilit\u00e9 \u00ab , assurant que la France et la Tunisie \u00ab demandent ensemble \u00bb un cessez-le-feu en Libye.<\/p>\n<p>Dans le m\u00eame sillage, le pr\u00e9sident fran\u00e7ais a d\u00e9nonc\u00e9 le \u00ab jeu dangereux \u00bb de la Turquie en Libye, y voyant une menace directe pour la r\u00e9gion et pour l\u2019Europe.<\/p>\n<p>\u00ab Je consid\u00e8re aujourd\u2019hui que la Turquie joue en Libye un jeu dangereux et contrevient \u00e0 tous ses engagements pris lors de la conf\u00e9rence de Berlin \u00bb, a-t-il lanc\u00e9 devant un parterre de journalistes, affirmant avoir tenu \u00ab le m\u00eame discours \u00bb lors d\u2019un entretien t\u00e9l\u00e9phonique lundi apr\u00e8s-midi avec le pr\u00e9sident am\u00e9ricain Donald Trump.<\/p>\n<p>Emmanuel Macron a aussi appel\u00e9 \u00e0 ce \u00ab que cessent les ing\u00e9rences \u00e9trang\u00e8res et les actes unilat\u00e9raux de ceux qui pr\u00e9tendent gagner de nouvelles positions \u00e0 la faveur de la guerre \u00bb en Libye.<\/p>\n<p>De son c\u00f4t\u00e9, le chef de l\u2019Etat Ka\u00efs Sa\u00efed qui effectue son deuxi\u00e8me d\u00e9placement officiel \u00e0 l\u2019\u00e9tranger, apr\u00e8s l\u2019Alg\u00e9rie, depuis son \u00e9lection en octobre, s\u2019est f\u00e9licit\u00e9 du niveau \u00ab excellent \u00bb atteint par la coop\u00e9ration bilat\u00e9rale, appelant \u00e0 identifier de nouveaux concepts et m\u00e9canismes pour booster davantage les relations de partenariat.<\/p>\n<p>\u00ab Il est aujourd\u2019hui temps de panser les blessures du pass\u00e9 et de r\u00e9fl\u00e9chir \u00e0 l\u2019avenir \u00bb, a plaid\u00e9 le chef de l\u2019Etat, appelant, dans ce contexte, \u00e0 ouvrir de nouveaux horizons de coop\u00e9ration.<\/p>\n<p>Le pr\u00e9sident Sa\u00efed a par ailleurs salu\u00e9 le soutien apport\u00e9 par la France \u00e0 la Tunisie dans plusieurs domaines, annon\u00e7ant l\u2019id\u00e9e de la mise en place prochainement d\u2019un chemin de fer pour relier le nord de la Tunisie au sud, sans donner davantage de d\u00e9tails.<\/p>\n<p>Plut t\u00f4t dans la journ\u00e9e, le chef de l\u2019Etat a eu un entretien \u00e0 l\u2019Elys\u00e9e avec son homologue fran\u00e7ais ax\u00e9 notamment sur la crise libyenne et le projet de r\u00e9solution tuniso-fran\u00e7ais sur la lutte contre le coronavirus. La Tunisie si\u00e8ge actuellement au Conseil de s\u00e9curit\u00e9 des Nations-Unies.<\/p>\n<div class=\"wp-post-author-wrap wp-post-author-shortcode left\">\n<h3 class=\"awpa-title\"\/>\n<div class=\"wp-post-author\">\n<div class=\"awpa-img awpa-author-block square\"><a href=\"http:\/\/lexpertjournal.net\/fr\/?author=5\"><img loading=\"lazy\" decoding=\"async\" alt=\"\" src=\"http:\/\/0.gravatar.com\/avatar\/97f8e10a1c1125ba104a76514ee07b16?s=150&amp;d=mm&amp;r=g\" srcset=\"http:\/\/0.gravatar.com\/avatar\/97f8e10a1c1125ba104a76514ee07b16?s=300&amp;d=mm&amp;r=g 2x\" class=\"avatar avatar-150 photo\" height=\"150\" width=\"150\"\/><\/a><\/div>\n<\/div>\n<\/div>\n<aside class=\"mashsb-container mashsb-main mashsb-stretched\">\n<\/aside>\n<p>Auteur: L&rsquo;expert<br \/>\n<a href=\"http:\/\/lexpertjournal.net\/fr\/?p=15400\">Cliquez ici pour lire l&rsquo;article depuis sa source.<\/a><\/p>\n","protected":false},"excerpt":{"rendered":"<p>La France d\u00e9bloquera 350 millions d\u2019euros de pr\u00eats en faveur de la Tunisie pour faire face \u00e0 la crise provoqu\u00e9e par le coronavirus, a annonc\u00e9, lundi \u00e0 Paris, le pr\u00e9sident fran\u00e7ais Emmanuel Macron. \u00bb La France continue d\u2019apporter tout son soutien \u00e0 la Tunisie notamment dans le domaine de la sant\u00e9 \u00e0 travers la formation [&hellip;]<\/p>\n","protected":false},"author":1775,"featured_media":0,"comment_status":"closed","ping_status":"closed","sticky":false,"template":"","format":"standard","meta":{"fifu_image_url":"","fifu_image_alt":"","footnotes":""},"categories":[78,55],"tags":[],"class_list":["post-89839","post","type-post","status-publish","format-standard","hentry","category-economie","category-tunisie"],"_links":{"self":[{"href":"https:\/\/linitiative.ca\/International\/wp-json\/wp\/v2\/posts\/89839","targetHints":{"allow":["GET"]}}],"collection":[{"href":"https:\/\/linitiative.ca\/International\/wp-json\/wp\/v2\/posts"}],"about":[{"href":"https:\/\/linitiative.ca\/International\/wp-json\/wp\/v2\/types\/post"}],"author":[{"embeddable":true,"href":"https:\/\/linitiative.ca\/International\/wp-json\/wp\/v2\/users\/1775"}],"replies":[{"embeddable":true,"href":"https:\/\/linitiative.ca\/International\/wp-json\/wp\/v2\/comments?post=89839"}],"version-history":[{"count":0,"href":"https:\/\/linitiative.ca\/International\/wp-json\/wp\/v2\/posts\/89839\/revisions"}],"wp:attachment":[{"href":"https:\/\/linitiative.ca\/International\/wp-json\/wp\/v2\/media?parent=89839"}],"wp:term":[{"taxonomy":"category","embeddable":true,"href":"https:\/\/linitiative.ca\/International\/wp-json\/wp\/v2\/categories?post=89839"},{"taxonomy":"post_tag","embeddable":true,"href":"https:\/\/linitiative.ca\/International\/wp-json\/wp\/v2\/tags?post=89839"}],"curies":[{"name":"wp","href":"https:\/\/api.w.org\/{rel}","templated":true}]}}