{"id":89840,"date":"2020-06-23T09:35:31","date_gmt":"2020-06-23T13:35:31","guid":{"rendered":"https:\/\/linitiative.ca\/International\/mise-en-garde-de-lutica-la-filiere-laitiere-risque-de-seffondrer\/"},"modified":"2020-06-23T09:35:31","modified_gmt":"2020-06-23T13:35:31","slug":"mise-en-garde-de-lutica-la-filiere-laitiere-risque-de-seffondrer","status":"publish","type":"post","link":"https:\/\/linitiative.ca\/International\/mise-en-garde-de-lutica-la-filiere-laitiere-risque-de-seffondrer\/","title":{"rendered":"Mise en garde de l\u2019UTICA :  La fili\u00e8re laiti\u00e8re risque de s\u2019effondrer !"},"content":{"rendered":"<p>L\u2019UTICA a mis en garde, mardi, contre la suspension totale de l\u2019activit\u00e9 de la fili\u00e8re laiti\u00e8re, au vu de l\u2019incapacit\u00e9 des professionnels exer\u00e7ants dans les deux domaines de collecte et de production de lait, d\u2019honorer leurs engagements envers les \u00e9leveurs, \u00e0 partir du 1er juillet 2020.<\/p>\n<p>L\u2019organisation patronale a estim\u00e9 que \u00ab le gouvernement doit assumer la responsabilit\u00e9 de l\u2019effondrement de la fili\u00e8re laiti\u00e8re \u00bb.<\/p>\n<p>Elle a rappel\u00e9, ainsi, que la Chambre nationale des producteurs de lait avait organis\u00e9 plusieurs rencontres avec les ministres des Finances, du Commerce, de l\u2019Industrie et de l\u2019Agriculture en vue d\u2019une intervention urgente pour verser les primes d\u2019exploitation, de stockage, de collecte\u2026 au profit des professionnels exer\u00e7ants dans les diff\u00e9rents maillons de cette fili\u00e8re, mais le gouvernement n\u2019a pas donn\u00e9 suite \u00e0 ces revendications.<\/p>\n<p>Par cons\u00e9quent, a-t-elle ajout\u00e9, les industriels de la fili\u00e8re laiti\u00e8re se sont retrouv\u00e9s dans l\u2019incapacit\u00e9 de payer les quantit\u00e9s de lait frais re\u00e7ues, d\u2019une part, d\u2019autant plus que la prime d\u2019exploitation de 420 millimes\/ litre, ne repr\u00e9sente que 37,5% du prix de vente du lait produit.<\/p>\n<p>Il convient de noter que l\u2019UTICA organisera prochainement une conf\u00e9rence de presse conjointe avec l\u2019UTAP sur les probl\u00e8mes de la fili\u00e8re laiti\u00e8re.<\/p>\n<div class=\"wp-post-author-wrap wp-post-author-shortcode left\">\n<h3 class=\"awpa-title\"\/>\n<div class=\"wp-post-author\">\n<div class=\"awpa-img awpa-author-block square\"><a href=\"http:\/\/lexpertjournal.net\/fr\/?author=5\"><img loading=\"lazy\" decoding=\"async\" alt=\"\" src=\"http:\/\/0.gravatar.com\/avatar\/97f8e10a1c1125ba104a76514ee07b16?s=150&amp;d=mm&amp;r=g\" srcset=\"http:\/\/0.gravatar.com\/avatar\/97f8e10a1c1125ba104a76514ee07b16?s=300&amp;d=mm&amp;r=g 2x\" class=\"avatar avatar-150 photo\" height=\"150\" width=\"150\"\/><\/a><\/div>\n<\/div>\n<\/div>\n<aside class=\"mashsb-container mashsb-main mashsb-stretched\">\n<\/aside>\n<p>Auteur: L&rsquo;expert<br \/>\n<a href=\"http:\/\/lexpertjournal.net\/fr\/?p=15403\">Cliquez ici pour lire l&rsquo;article depuis sa source.<\/a><\/p>\n","protected":false},"excerpt":{"rendered":"<p>L\u2019UTICA a mis en garde, mardi, contre la suspension totale de l\u2019activit\u00e9 de la fili\u00e8re laiti\u00e8re, au vu de l\u2019incapacit\u00e9 des professionnels exer\u00e7ants dans les deux domaines de collecte et de production de lait, d\u2019honorer leurs engagements envers les \u00e9leveurs, \u00e0 partir du 1er juillet 2020. L\u2019organisation patronale a estim\u00e9 que \u00ab le gouvernement doit [&hellip;]<\/p>\n","protected":false},"author":1775,"featured_media":0,"comment_status":"closed","ping_status":"closed","sticky":false,"template":"","format":"standard","meta":{"fifu_image_url":"","fifu_image_alt":"","footnotes":""},"categories":[78,55],"tags":[],"class_list":["post-89840","post","type-post","status-publish","format-standard","hentry","category-economie","category-tunisie"],"_links":{"self":[{"href":"https:\/\/linitiative.ca\/International\/wp-json\/wp\/v2\/posts\/89840","targetHints":{"allow":["GET"]}}],"collection":[{"href":"https:\/\/linitiative.ca\/International\/wp-json\/wp\/v2\/posts"}],"about":[{"href":"https:\/\/linitiative.ca\/International\/wp-json\/wp\/v2\/types\/post"}],"author":[{"embeddable":true,"href":"https:\/\/linitiative.ca\/International\/wp-json\/wp\/v2\/users\/1775"}],"replies":[{"embeddable":true,"href":"https:\/\/linitiative.ca\/International\/wp-json\/wp\/v2\/comments?post=89840"}],"version-history":[{"count":0,"href":"https:\/\/linitiative.ca\/International\/wp-json\/wp\/v2\/posts\/89840\/revisions"}],"wp:attachment":[{"href":"https:\/\/linitiative.ca\/International\/wp-json\/wp\/v2\/media?parent=89840"}],"wp:term":[{"taxonomy":"category","embeddable":true,"href":"https:\/\/linitiative.ca\/International\/wp-json\/wp\/v2\/categories?post=89840"},{"taxonomy":"post_tag","embeddable":true,"href":"https:\/\/linitiative.ca\/International\/wp-json\/wp\/v2\/tags?post=89840"}],"curies":[{"name":"wp","href":"https:\/\/api.w.org\/{rel}","templated":true}]}}