{"id":89846,"date":"2020-06-23T08:00:00","date_gmt":"2020-06-23T12:00:00","guid":{"rendered":"https:\/\/linitiative.ca\/International\/actualise-abdelkrim-zeghileche-place-sous-mandat-de-depot\/"},"modified":"2020-06-23T08:00:00","modified_gmt":"2020-06-23T12:00:00","slug":"actualise-abdelkrim-zeghileche-place-sous-mandat-de-depot","status":"publish","type":"post","link":"https:\/\/linitiative.ca\/International\/actualise-abdelkrim-zeghileche-place-sous-mandat-de-depot\/","title":{"rendered":"[Actualis\u00e9] Abdelkrim Zeghil\u00e8che plac\u00e9 sous mandat de d\u00e9p\u00f4t"},"content":{"rendered":"<div id=\"originalText\" readability=\"68\">\n<p>L\u2019activiste Abdelkrim Zeghil\u00e8che a \u00e9t\u00e9 plac\u00e9 sous mandat de d\u00e9p\u00f4t, ce mardi, par le tribunal de Ziadia, apr\u00e8s avoir \u00e9t\u00e9 arr\u00eat\u00e9 en fin de matin\u00e9e, dans son domicile, \u00e0 Constantine, et pr\u00e9sent\u00e9 devant le procureur de la r\u00e9publique, puis le juge d&rsquo;instruction pr\u00e8s le m\u00eame\u00a0tribunal,\u00a0selon le Comit\u00e9 national pour la lib\u00e9ration des d\u00e9tenus (CNLD).<\/p>\n<p>\u00abEn ce moment, des policiers en civil encerclent la maison de Zeghileche Abdelkrim et certains essayent de forcer la porte de sa maison en tapant violemment avec des coups de pieds\u00bb, alertait, ce matin, le\u00a0CNLD,sur sa page facebook.\u00a0<\/p>\n<p>Pour rappel, une peine de six mois de prison ferme assortie d\u2019une amende de 100.000 dinars, ainsi que la saisie des \u00e9quipements de la radio web qu\u2019il dirigeait ont \u00e9t\u00e9 prononc\u00e9 le 21 janvier 2020, \u00a0\u00e0 l\u2019encontre d\u2019Abdelkrim Zeghil\u00e8che, par le m\u00eame tribunal.<\/p>\n<p>Le 27 novembre 2018, Abdelkrim Zeghil\u00e8che, qui avait \u00e9t\u00e9 reconnu coupable de diffamation dans une autre affaire intent\u00e9e contre lui par un activiste du mouvement associatif \u00e0 Constantine proche des cercles de l\u2019administration locale et des comit\u00e9s de soutien au pr\u00e9sident d\u00e9chu, a \u00e9t\u00e9 condamn\u00e9 \u00e0 une peine de deux mois de prison avec sursis assortie d\u2019une amende de 50 000 DA apr\u00e8s pr\u00e8s de 50 jours d\u2019emprisonnement.<\/p>\n<p class=\"c6\"><strong>R\u00e9daction Web<\/strong><\/p>\n<\/div>\n<div id=\"text_core\" readability=\"68\">\n<p>L\u2019activiste Abdelkrim Zeghil\u00e8che a \u00e9t\u00e9 plac\u00e9 sous mandat de d\u00e9p\u00f4t, ce mardi, par le tribunal de Ziadia, apr\u00e8s avoir \u00e9t\u00e9 arr\u00eat\u00e9 en fin de matin\u00e9e, dans son domicile, \u00e0 Constantine, et pr\u00e9sent\u00e9 devant le procureur de la r\u00e9publique, puis le juge d&rsquo;instruction pr\u00e8s le m\u00eame\u00a0tribunal,\u00a0selon le Comit\u00e9 national pour la lib\u00e9ration des d\u00e9tenus (CNLD).<\/p>\n<p>\u00abEn ce moment, des policiers en civil encerclent la maison de Zeghileche Abdelkrim et certains essayent de forcer la porte de sa maison en tapant violemment avec des coups de pieds\u00bb, alertait, ce matin, le\u00a0CNLD,sur sa page facebook.\u00a0<\/p>\n<p>Pour rappel, une peine de six mois de prison ferme assortie d\u2019une amende de 100.000 dinars, ainsi que la saisie des \u00e9quipements de la radio web qu\u2019il dirigeait ont \u00e9t\u00e9 prononc\u00e9 le 21 janvier 2020, \u00a0\u00e0 l\u2019encontre d\u2019Abdelkrim Zeghil\u00e8che, par le m\u00eame tribunal.<\/p>\n<p>Le 27 novembre 2018, Abdelkrim Zeghil\u00e8che, qui avait \u00e9t\u00e9 reconnu coupable de diffamation dans une autre affaire intent\u00e9e contre lui par un activiste du mouvement associatif \u00e0 Constantine proche des cercles de l\u2019administration locale et des comit\u00e9s de soutien au pr\u00e9sident d\u00e9chu, a \u00e9t\u00e9 condamn\u00e9 \u00e0 une peine de deux mois de prison avec sursis assortie d\u2019une amende de 50 000 DA apr\u00e8s pr\u00e8s de 50 jours d\u2019emprisonnement.<\/p>\n<p class=\"c6\"><strong>R\u00e9daction Web<\/strong><\/p>\n<\/div>\n<p>Auteur:<br \/>\n<a href=\"https:\/\/www.liberte-algerie.com\/actualite\/actualise-abdelkrim-zeghileche-place-sous-mandat-de-depot-340795\">Cliquez ici pour lire l&rsquo;article depuis sa source.<\/a><\/p>\n","protected":false},"excerpt":{"rendered":"<p>L\u2019activiste Abdelkrim Zeghil\u00e8che a \u00e9t\u00e9 plac\u00e9 sous mandat de d\u00e9p\u00f4t, ce mardi, par le tribunal de Ziadia, apr\u00e8s avoir \u00e9t\u00e9 arr\u00eat\u00e9 en fin de matin\u00e9e, dans son domicile, \u00e0 Constantine, et pr\u00e9sent\u00e9 devant le procureur de la r\u00e9publique, puis le juge d&rsquo;instruction pr\u00e8s le m\u00eame\u00a0tribunal,\u00a0selon le Comit\u00e9 national pour la lib\u00e9ration des d\u00e9tenus (CNLD). \u00abEn [&hellip;]<\/p>\n","protected":false},"author":1742,"featured_media":0,"comment_status":"closed","ping_status":"closed","sticky":false,"template":"","format":"standard","meta":{"fifu_image_url":"","fifu_image_alt":"","footnotes":""},"categories":[73,53],"tags":[],"class_list":["post-89846","post","type-post","status-publish","format-standard","hentry","category-actualite","category-algerie"],"_links":{"self":[{"href":"https:\/\/linitiative.ca\/International\/wp-json\/wp\/v2\/posts\/89846","targetHints":{"allow":["GET"]}}],"collection":[{"href":"https:\/\/linitiative.ca\/International\/wp-json\/wp\/v2\/posts"}],"about":[{"href":"https:\/\/linitiative.ca\/International\/wp-json\/wp\/v2\/types\/post"}],"author":[{"embeddable":true,"href":"https:\/\/linitiative.ca\/International\/wp-json\/wp\/v2\/users\/1742"}],"replies":[{"embeddable":true,"href":"https:\/\/linitiative.ca\/International\/wp-json\/wp\/v2\/comments?post=89846"}],"version-history":[{"count":0,"href":"https:\/\/linitiative.ca\/International\/wp-json\/wp\/v2\/posts\/89846\/revisions"}],"wp:attachment":[{"href":"https:\/\/linitiative.ca\/International\/wp-json\/wp\/v2\/media?parent=89846"}],"wp:term":[{"taxonomy":"category","embeddable":true,"href":"https:\/\/linitiative.ca\/International\/wp-json\/wp\/v2\/categories?post=89846"},{"taxonomy":"post_tag","embeddable":true,"href":"https:\/\/linitiative.ca\/International\/wp-json\/wp\/v2\/tags?post=89846"}],"curies":[{"name":"wp","href":"https:\/\/api.w.org\/{rel}","templated":true}]}}