{"id":89865,"date":"2020-06-23T14:53:23","date_gmt":"2020-06-23T18:53:23","guid":{"rendered":"https:\/\/linitiative.ca\/International\/saham-assurance-promeut-les-valeurs-partagees-durant-le-covid19\/"},"modified":"2020-06-23T14:53:23","modified_gmt":"2020-06-23T18:53:23","slug":"saham-assurance-promeut-les-valeurs-partagees-durant-le-covid19","status":"publish","type":"post","link":"https:\/\/linitiative.ca\/International\/saham-assurance-promeut-les-valeurs-partagees-durant-le-covid19\/","title":{"rendered":"Saham Assurance promeut les valeurs \u00ab\u00a0partag\u00e9es\u00a0\u00bb durant le Covid19"},"content":{"rendered":"<div class=\"dnd-atom-wrapper type-image context-sdl_editor_representation\" contenteditable=\"false\">\n<div class=\"dnd-drop-wrapper\">\n<div class=\"image\"><img loading=\"lazy\" decoding=\"async\" typeof=\"foaf:Image\" class=\"img-responsive\" src=\"https:\/\/www.leconomiste.com\/sites\/default\/files\/eco7\/public\/thumbnails\/image\/970x250-5-vf.jpg\" width=\"660\" height=\"240\" alt=\"970x250-5-vf.jpg\" title=\"970x250-5-vf.jpg\"\/><\/div>\n<\/div>\n<\/div>\n<p>SAHAM Assurance m\u00e8ne une nouvelle campagne de communication pour promouvoir les valeurs communes qui ont \u00e9t\u00e9 mises en avant durant la crise du Covid19. La compagnie d\u2019assurance a ainsi mis en exergue l\u2019engagement, la solidarit\u00e9, le courage, la bienveillance ou encore la proximit\u00e9, des valeurs partag\u00e9es qui ont \u00e9t\u00e9 largement mat\u00e9rialis\u00e9es durant cette crise \u00e0 l\u2019\u00e9chelle nationale.<\/p>\n<p>\u00ab\u00a0C\u2019est d\u2019ailleurs gr\u00e2ce \u00e0 ces m\u00eames valeurs que nous avons pu surmonter cette \u00e9preuve, faisant du Maroc un mod\u00e8le de r\u00e9ussite salu\u00e9 \u00e0 travers le monde par plusieurs pays et organisations internationales\u00a0\u00bb, se r\u00e9jouit la compagnie.<\/p>\n<p>\u00ab\u00a0Cette nouvelle campagne est ainsi une revendication des valeurs dont nous sommes \ufb01ers, que nous voulons clamer haut et fort, et qui nous unissent tous et nous distinguent en tant que Marocains\u00a0\u00bb, ajoute Saham.<\/p>\n<p>Pour cette op\u00e9ration, divers visuels sont d&rsquo;ailleurs actuellement diffus\u00e9s sur les r\u00e9seaux sociaux et sur les grandes art\u00e8res de Casablanca. Ils symbolisent notamment l\u2019engagement des professionnels de la sant\u00e9 et des employ\u00e9s de divers secteurs impact\u00e9s par le Covid19.<\/p>\n<p>Auteur: hgueye<br \/>\n<a href=\"https:\/\/www.leconomiste.com\/article\/1063720-saham-assurance-promeut-les-valeurs-partagees-durant-le-covid19\">Cliquez ici pour lire l&rsquo;article depuis sa source.<\/a><\/p>\n","protected":false},"excerpt":{"rendered":"<p>SAHAM Assurance m\u00e8ne une nouvelle campagne de communication pour promouvoir les valeurs communes qui ont \u00e9t\u00e9 mises en avant durant la crise du Covid19. La compagnie d\u2019assurance a ainsi mis en exergue l\u2019engagement, la solidarit\u00e9, le courage, la bienveillance ou encore la proximit\u00e9, des valeurs partag\u00e9es qui ont \u00e9t\u00e9 largement mat\u00e9rialis\u00e9es durant cette crise \u00e0 [&hellip;]<\/p>\n","protected":false},"author":1763,"featured_media":89866,"comment_status":"closed","ping_status":"closed","sticky":false,"template":"","format":"standard","meta":{"fifu_image_url":"","fifu_image_alt":"","footnotes":""},"categories":[78,54],"tags":[],"class_list":["post-89865","post","type-post","status-publish","format-standard","has-post-thumbnail","hentry","category-economie","category-maroc"],"_links":{"self":[{"href":"https:\/\/linitiative.ca\/International\/wp-json\/wp\/v2\/posts\/89865","targetHints":{"allow":["GET"]}}],"collection":[{"href":"https:\/\/linitiative.ca\/International\/wp-json\/wp\/v2\/posts"}],"about":[{"href":"https:\/\/linitiative.ca\/International\/wp-json\/wp\/v2\/types\/post"}],"author":[{"embeddable":true,"href":"https:\/\/linitiative.ca\/International\/wp-json\/wp\/v2\/users\/1763"}],"replies":[{"embeddable":true,"href":"https:\/\/linitiative.ca\/International\/wp-json\/wp\/v2\/comments?post=89865"}],"version-history":[{"count":0,"href":"https:\/\/linitiative.ca\/International\/wp-json\/wp\/v2\/posts\/89865\/revisions"}],"wp:featuredmedia":[{"embeddable":true,"href":"https:\/\/linitiative.ca\/International\/wp-json\/"}],"wp:attachment":[{"href":"https:\/\/linitiative.ca\/International\/wp-json\/wp\/v2\/media?parent=89865"}],"wp:term":[{"taxonomy":"category","embeddable":true,"href":"https:\/\/linitiative.ca\/International\/wp-json\/wp\/v2\/categories?post=89865"},{"taxonomy":"post_tag","embeddable":true,"href":"https:\/\/linitiative.ca\/International\/wp-json\/wp\/v2\/tags?post=89865"}],"curies":[{"name":"wp","href":"https:\/\/api.w.org\/{rel}","templated":true}]}}