{"id":89867,"date":"2020-06-23T10:17:31","date_gmt":"2020-06-23T14:17:31","guid":{"rendered":"https:\/\/linitiative.ca\/International\/haj-mahmoud-monte-en-puissance\/"},"modified":"2020-06-23T10:17:31","modified_gmt":"2020-06-23T14:17:31","slug":"haj-mahmoud-monte-en-puissance","status":"publish","type":"post","link":"https:\/\/linitiative.ca\/International\/haj-mahmoud-monte-en-puissance\/","title":{"rendered":"Haj Mahmoud monte en puissance !"},"content":{"rendered":"<p class=\"p1 c3\"><span class=\"c2\">R\u00e9v\u00e9l\u00e9 en ce d\u00e9but de saison avant la crise sanitaire, le talentueux milieu d\u00e9fensif \u00e9toil\u00e9 \u00e2g\u00e9 de 20ans Mohamed Haj Mahmoud se profile comme le chef de fil de la nouvelle vague montante, pure produit du centre de formation de l\u2019Etoile. Il l\u2019a prouv\u00e9 samedi dernier lors du match amical face au CSS, o\u00f9 il a \u00e9t\u00e9 tout simplement \u00e9poustouflant par son abattage, son calme et son aisance technique. Autant de qualit\u00e9s couronn\u00e9es par un but splendide r\u00e9alis\u00e9 d\u2019un bolide \u00e0 ras de terre des 30m apr\u00e8s avoir \u00e9limin\u00e9 deux adversaires d\u2019un slalom de toute beaut\u00e9.<\/span><\/p>\n<p class=\"p1 c3\"><span class=\"c2\">Il faut avouer que le jeune Haj Mahmoud a r\u00e9alis\u00e9 de gros progr\u00e8s en quelques mois et sa performance s\u2019est compl\u00e8tement m\u00e9tamorphos\u00e9e notamment lorsqu\u2019il a modifi\u00e9 sa foul\u00e9e qui \u00e9tait au d\u00e9part une sorte d\u2019handicap pour lui, puisqu\u2019il courait sur la pointe des pieds, un fait qui p\u00e9nalisait manifestement ses enchainements et son aisance gestuelle et technique.<\/span><\/p>\n<p class=\"p1 c3\"><span class=\"c2\">Une chose est certaine, Haj Mahmoud sera l\u2019un des plus grands espoirs du football tunisien dans les ann\u00e9es \u00e0 venir.<\/span><\/p>\n<p class=\"p2 c4\">\u00a0<\/p>\n<p class=\"p3 c5\"><span class=\"c2\">Abdallah Dagou, un talent pur !<\/span><\/p>\n<p class=\"p1 c3\"><span class=\"c2\">Recrut\u00e9 en Octobre 2018, le milieu de terrain Libyen de 20ans Abdallah Dagou est entrain d\u2019\u00e9merveiller tout l\u2019entourage de l\u2019Etoile. A l\u2019instar de Haj Mahmoud, il a l\u2019auteur de prouesses techniques remarquables, jouant de mauvais tours \u00e0 ses adversaires directs par ses dribbles d\u00e9routants et sa technique raffin\u00e9e.<\/span><\/p>\n<p class=\"p1 c3\"><span class=\"c2\">Il sera l\u2019un des piliers du nouveau cycle qui est entrain de se mettre en place \u00e0 l\u2019Etoile.<\/span><\/p>\n<p class=\"p2 c4\">\u00a0<\/p>\n<p class=\"p3 c5\"><span class=\"c2\">Ajlani pr\u00e9sent dans les gradins !<\/span><\/p>\n<p class=\"p1 c3\"><span class=\"c2\">Malgr\u00e9 le huis-clos impos\u00e9 par les autorit\u00e9s sanitaires et locales, on a not\u00e9 la pr\u00e9sence \u00ab intrigante \u00bb du technicien Ahmed Ajlani qui a suivi avec attention la rencontre amicale de samedi dernier qui a oppos\u00e9 l\u2019ESS au CSS ( 2-1).<\/span><\/p>\n<p class=\"p1 c3\"><span class=\"c2\">Interrog\u00e9 par l\u2019un de nos confr\u00e8res pr\u00e9sents sur les lieux \u00e0 propos de cette pr\u00e9sence insolite de Ajlani, Chokri Laamiri a r\u00e9pondu sur un ton relativement agac\u00e9 que la pr\u00e9sence de l\u2019actuel coach de la formation marocaine Khouribga, ne relevait d\u2019aucun int\u00e9r\u00eat professionnel et qu\u2019il n\u2019\u00e9tait l\u00e0 rien que pour suivre son \u00e9quipe de c\u0153ur l\u2019Etoile\u2026 !<\/span><\/p>\n<p class=\"p2 c4\">\u00a0<\/p>\n<p class=\"p3 c5\"><span class=\"c2\">Slim Derwich prend du recul !<\/span><\/p>\n<p class=\"p1 c3\"><span class=\"c2\">Tirant en coulisses les ficelles du nouveau cycle entam\u00e9 par le club sah\u00e9lien, notamment en rapport avec le choix des joueurs invit\u00e9s \u00e0 rejoindre l\u2019\u00e9quipe fanion ;et point\u00e9 du doigt ces derni\u00e8res semaines par les supporters \u00e9toil\u00e9s \u00e0 travers les r\u00e9seaux sociaux ;nous avons appris que Slim Derwich aurait pris la d\u00e9cision de se d\u00e9sengager de toute responsabilit\u00e9-quoique d\u00e9guis\u00e9e jusqu\u2019ici !- au sein de l\u2019Etoile !<\/span><\/p>\n<p class=\"p4 c6\"><strong><span class=\"c2\">Hatem REGAIEG<\/span><\/strong><\/p>\n<p>Auteur: letemps1<br \/>\n<a href=\"http:\/\/www.letemps.com.tn\/article\/115067\/haj-mahmoud-monte-en-puissance\">Cliquez ici pour lire l&rsquo;article depuis sa source.<\/a><\/p>\n","protected":false},"excerpt":{"rendered":"<p>R\u00e9v\u00e9l\u00e9 en ce d\u00e9but de saison avant la crise sanitaire, le talentueux milieu d\u00e9fensif \u00e9toil\u00e9 \u00e2g\u00e9 de 20ans Mohamed Haj Mahmoud se profile comme le chef de fil de la nouvelle vague montante, pure produit du centre de formation de l\u2019Etoile. Il l\u2019a prouv\u00e9 samedi dernier lors du match amical face au CSS, o\u00f9 il [&hellip;]<\/p>\n","protected":false},"author":1773,"featured_media":0,"comment_status":"closed","ping_status":"closed","sticky":false,"template":"","format":"standard","meta":{"fifu_image_url":"","fifu_image_alt":"","footnotes":""},"categories":[73,55],"tags":[],"class_list":["post-89867","post","type-post","status-publish","format-standard","hentry","category-actualite","category-tunisie"],"_links":{"self":[{"href":"https:\/\/linitiative.ca\/International\/wp-json\/wp\/v2\/posts\/89867","targetHints":{"allow":["GET"]}}],"collection":[{"href":"https:\/\/linitiative.ca\/International\/wp-json\/wp\/v2\/posts"}],"about":[{"href":"https:\/\/linitiative.ca\/International\/wp-json\/wp\/v2\/types\/post"}],"author":[{"embeddable":true,"href":"https:\/\/linitiative.ca\/International\/wp-json\/wp\/v2\/users\/1773"}],"replies":[{"embeddable":true,"href":"https:\/\/linitiative.ca\/International\/wp-json\/wp\/v2\/comments?post=89867"}],"version-history":[{"count":0,"href":"https:\/\/linitiative.ca\/International\/wp-json\/wp\/v2\/posts\/89867\/revisions"}],"wp:attachment":[{"href":"https:\/\/linitiative.ca\/International\/wp-json\/wp\/v2\/media?parent=89867"}],"wp:term":[{"taxonomy":"category","embeddable":true,"href":"https:\/\/linitiative.ca\/International\/wp-json\/wp\/v2\/categories?post=89867"},{"taxonomy":"post_tag","embeddable":true,"href":"https:\/\/linitiative.ca\/International\/wp-json\/wp\/v2\/tags?post=89867"}],"curies":[{"name":"wp","href":"https:\/\/api.w.org\/{rel}","templated":true}]}}