{"id":89868,"date":"2020-06-23T10:18:16","date_gmt":"2020-06-23T14:18:16","guid":{"rendered":"https:\/\/linitiative.ca\/International\/seances-dentrainement-en-plein-air\/"},"modified":"2020-06-23T10:18:16","modified_gmt":"2020-06-23T14:18:16","slug":"seances-dentrainement-en-plein-air","status":"publish","type":"post","link":"https:\/\/linitiative.ca\/International\/seances-dentrainement-en-plein-air\/","title":{"rendered":"S\u00e9ances d&rsquo;entrainement en plein air !"},"content":{"rendered":"<p class=\"p1 c3\"><span class=\"c2\">Alors que pratiquement toutes les autres \u00e9quipes s&rsquo;appr\u00eatent \u00e0 entamer la phase cruciale dans leur pr\u00e9paration en abordant les matches amicaux, les Hammam-Lifois grandement en retard volet remise en condition physique (ils en sont encore l\u00e0 !) ne parviennent point \u00e0 assurer leurs s\u00e9ances d&rsquo;entrainement quotidiennes.<\/span><\/p>\n<p class=\"p1 c3\"><span class=\"c2\">Le travail se faisant au petit bonheur la chance au bon gr\u00e9 et selon l&rsquo;humeur des responsables des stades acceptant de leur offrir l&rsquo;hospitalit\u00e9.<\/span><\/p>\n<p class=\"p1 c3\"><span class=\"c2\">Samedi matin, le groupe se pr\u00e9senta au stade d&rsquo;Ezzahra pour sa s\u00e9ance matinale convenue d&rsquo;avance avec les \u00e9diles municipaux locaux. Portes ferm\u00e9es et retour \u00e0 la maison avec annulation pure et simple sans autre forme de proc\u00e8s. \u00ab\u00a0Bis repetita\u00a0\u00bb Hier matin \u00e0 8h30&prime; avec toujours le m\u00eame sc\u00e9nario ! Nabil Tasco dut programmer \u00e0 son corps d\u00e9fendant une pseudo-s\u00e9ance sur la minuscule parcelle en tartan sise au municipal. Vivement que ce calvaire d&rsquo;errement<span class=\"Apple-converted-space\">\u00a0<\/span> prenne rapidement fin car les cons\u00e9quences, on ne peut plus n\u00e9fastes, risquent d&rsquo;\u00eatre lourdement p\u00e9nalisantes \u00e0 l&rsquo;arriv\u00e9e, entendre \u00e0 la fin de l&rsquo;exercice&#8230;<\/span><\/p>\n<p class=\"p2 c4\">\u00a0<\/p>\n<p class=\"p3 c5\"><span class=\"c2\">Le joueur alg\u00e9rien Antar Jamouni<span class=\"Apple-converted-space\">\u00a0<\/span> avec le groupe<\/span><\/p>\n<p class=\"p1 c3\"><span class=\"c2\">Le joueur alg\u00e9rien Antar Jamouni devait rejoindre<span class=\"Apple-converted-space\">\u00a0<\/span> le groupe hier. Arriv\u00e9 en Tunisie voil\u00e0 deux semaines en provenance de l&rsquo;Alg\u00e9rie, il dut se r\u00e9soudre \u00e0 observer une quinzaine de jours de confinement \u00e0 Nabeul.<span class=\"Apple-converted-space\">\u00a0<\/span><\/span><\/p>\n<p class=\"p1 c3\"><span class=\"c2\">Ses analyses \u00e0 la sortie \u00e9tant n\u00e9gatives et donc rassurantes, il put alors rallier ses co\u00e9quipiers en toute s\u00e9curit\u00e9. A souligner qu&rsquo;il a \u00e9t\u00e9 recrut\u00e9 par les verts lors du dernier mercato hivernal.<\/span><\/p>\n<p class=\"p2 c4\">\u00a0<\/p>\n<p class=\"p3 c5\"><span class=\"c2\">Iheb Ben Mansour un gardien \u00e0 suivre<span class=\"Apple-converted-space\">\u00a0<\/span><\/span><\/p>\n<p class=\"p1 c3\"><span class=\"c2\">Trois gardiens de but sont sur les tablettes de Nabil Tasco : Ali Guesmi, Hamza Behi et Bilel Aziz. Mais le jeune Iheb Ben Mansour \u00e2g\u00e9 seulement de 17 ans et \u00e9voluant avec les Juniors (U19) frappe avec force aux portes des s\u00e9niors.<span class=\"Apple-converted-space\">\u00a0<\/span><\/span><\/p>\n<p class=\"p1 c3\"><span class=\"c2\">Un gardien tr\u00e8s prometteur nous rappelant les d\u00e9buts de Chokri El Ouaer par sa technique, son gabarit et ses \u00e9tonnants r\u00e9flexes. On entendra s\u00fbrement parler de lui dans un tr\u00e8s proche avenir pour peu qu&rsquo;il continue \u00e0 durement travailler.<\/span><\/p>\n<p class=\"p4 c6\"><strong><span class=\"c2\">Mohamed Sahbi RAMMAH<\/span><\/strong><\/p>\n<p>Auteur: letemps1<br \/>\n<a href=\"http:\/\/www.letemps.com.tn\/article\/115068\/s%C3%A9ances-dentrainement-en-plein-air\">Cliquez ici pour lire l&rsquo;article depuis sa source.<\/a><\/p>\n","protected":false},"excerpt":{"rendered":"<p>Alors que pratiquement toutes les autres \u00e9quipes s&rsquo;appr\u00eatent \u00e0 entamer la phase cruciale dans leur pr\u00e9paration en abordant les matches amicaux, les Hammam-Lifois grandement en retard volet remise en condition physique (ils en sont encore l\u00e0 !) ne parviennent point \u00e0 assurer leurs s\u00e9ances d&rsquo;entrainement quotidiennes. Le travail se faisant au petit bonheur la chance [&hellip;]<\/p>\n","protected":false},"author":1773,"featured_media":0,"comment_status":"closed","ping_status":"closed","sticky":false,"template":"","format":"standard","meta":{"fifu_image_url":"","fifu_image_alt":"","footnotes":""},"categories":[73,55],"tags":[],"class_list":["post-89868","post","type-post","status-publish","format-standard","hentry","category-actualite","category-tunisie"],"_links":{"self":[{"href":"https:\/\/linitiative.ca\/International\/wp-json\/wp\/v2\/posts\/89868","targetHints":{"allow":["GET"]}}],"collection":[{"href":"https:\/\/linitiative.ca\/International\/wp-json\/wp\/v2\/posts"}],"about":[{"href":"https:\/\/linitiative.ca\/International\/wp-json\/wp\/v2\/types\/post"}],"author":[{"embeddable":true,"href":"https:\/\/linitiative.ca\/International\/wp-json\/wp\/v2\/users\/1773"}],"replies":[{"embeddable":true,"href":"https:\/\/linitiative.ca\/International\/wp-json\/wp\/v2\/comments?post=89868"}],"version-history":[{"count":0,"href":"https:\/\/linitiative.ca\/International\/wp-json\/wp\/v2\/posts\/89868\/revisions"}],"wp:attachment":[{"href":"https:\/\/linitiative.ca\/International\/wp-json\/wp\/v2\/media?parent=89868"}],"wp:term":[{"taxonomy":"category","embeddable":true,"href":"https:\/\/linitiative.ca\/International\/wp-json\/wp\/v2\/categories?post=89868"},{"taxonomy":"post_tag","embeddable":true,"href":"https:\/\/linitiative.ca\/International\/wp-json\/wp\/v2\/tags?post=89868"}],"curies":[{"name":"wp","href":"https:\/\/api.w.org\/{rel}","templated":true}]}}