{"id":89869,"date":"2020-06-23T10:19:57","date_gmt":"2020-06-23T14:19:57","guid":{"rendered":"https:\/\/linitiative.ca\/International\/je-ne-veux-pas-me-presenter-pour-contrer-bouchamaoui\/"},"modified":"2020-06-23T10:19:57","modified_gmt":"2020-06-23T14:19:57","slug":"je-ne-veux-pas-me-presenter-pour-contrer-bouchamaoui","status":"publish","type":"post","link":"https:\/\/linitiative.ca\/International\/je-ne-veux-pas-me-presenter-pour-contrer-bouchamaoui\/","title":{"rendered":"\u00abJe ne veux pas me pr\u00e9senter pour contrer Bouchamaoui\u00a0!\u00bb"},"content":{"rendered":"<p>Deux candidats tunisiens \u00e0 la pr\u00e9sidence de la CAF\u00a0 Wadii Al Jari\u00a0:<\/p>\n<footer class=\"submitted clearfix\">\n<p><span class=\"date-display-single\" property=\"dc:date\" datatype=\"xsd:dateTime\" content=\"2020-06-23T00:00:00+01:00\">Mardi 23 Juin 2020<\/span><\/p>\n<\/footer>\n<div class=\"content clearfix\" readability=\"37.299035369775\"><span class=\"print-link\"><span class=\"print_html\"><a href=\"http:\/\/www.letemps.com.tn\/print\/115069\" title=\"Display a printer-friendly version of this page.\" class=\"print-page\" onclick=\"window.open(this.href); return false\" rel=\"nofollow\"><img decoding=\"async\" class=\"print-icon\" typeof=\"foaf:Image\" src=\"http:\/\/www.letemps.com.tn\/sites\/all\/modules\/print\/icons\/print_icon.gif\" alt=\"\u0646\u0633\u062e\u0629 \u0644\u0644\u0637\u0628\u0627\u0639\u0629\" title=\"\u0646\u0633\u062e\u0629 \u0644\u0644\u0637\u0628\u0627\u0639\u0629\"\/><\/a><\/span><\/span><\/p>\n<div class=\"beacon9-social\">\n<p><iframe src=\"http:\/\/www.facebook.com\/plugins\/like.php?href=http%3A%2F%2Fwww.letemps.com.tn%2Farticle%2F115069%2F%25C2%25ABje-ne-veux-pas-me-pr%25C3%25A9senter-pour-contrer-bouchamaoui%25C2%25A0%25C2%25BB&amp;layout=button_count&amp;show_faces=false&amp;action=like&amp;font=arial&amp;colorscheme=light\" scrolling=\"no\" frameborder=\"0\" class=\"c1\" allowtransparency=\"true\">[embedded content]<\/iframe><\/p>\n<\/div>\n<div class=\"field field-name-field-op-main-image field-type-image field-label-hidden field-items field-item even\"><img loading=\"lazy\" decoding=\"async\" typeof=\"foaf:Image\" src=\"http:\/\/www.letemps.com.tn\/sites\/www.letemps.com.tn\/files\/styles\/620px_wide\/public\/main\/articles\/P14-COUL-N2_0.JPG\" width=\"339\" height=\"149\" alt=\"\"\/><\/div>\n<div class=\"field field-name-body field-type-text-with-summary field-label-hidden field-items field-item even\" readability=\"45\">\n<p class=\"p1 c3\"><span class=\"c2\">Le pr\u00e9sident de la F\u00e9d\u00e9ration tunisienne de football a plein d\u2019ambitions et personne n\u2019en doute. Dont celle de<span class=\"Apple-converted-space\">\u00a0<\/span> viser \u00e0 la pr\u00e9sidence de la Conf\u00e9d\u00e9ration africaine de football et il ne le cache pas. :<span class=\"Apple-converted-space\">\u00a0<\/span><\/span><\/p>\n<p class=\"p1 c3\"><span class=\"c2\">\u00abJe ne veux pas me pr\u00e9senter pour concurrencer Tarek Bouchamaoui d\u2019autant plus que nos rapports sont solides.. La FTF m\u2019a donn\u00e9 la possibilit\u00e9 de me porter candidat \u00e0 la pr\u00e9sidence de la CAF parce que j\u2019ai plus d\u2019exp\u00e9rience (\u00a0! ) et davantage de relations (\u00a0! ) J\u2019ai servi le football tunisien depuis de longues ann\u00e9es alors que Bouchamaoui a introduit la CAF gr\u00e2ce \u00e0 une intervention d\u2019Issa Hayatou (\u00a0!!! )\u00a0\u00bb.<\/span><\/p>\n<p class=\"p1 c3\"><span class=\"c2\">Ce n\u2019est toujours pas agr\u00e9able de voir deux candidats d\u2019un m\u00eame pays<span class=\"Apple-converted-space\">\u00a0<\/span> se concurrencer <span class=\"Apple-converted-space\">\u00a0<\/span> pour la pr\u00e9sidence de la CAF alors que,<span class=\"Apple-converted-space\">\u00a0<\/span> dans la logique des choses, un seul candidat doit se pr\u00e9senter pour que la Tunisie ait plus de chances de gagner le jack pot.\u00a0!<\/span><\/p>\n<p class=\"p2 c4\"><span class=\"c2\"><strong>R.B.A<\/strong><\/span><\/p>\n<\/div>\n<\/div>\n<p>Auteur: letemps1<br \/>\n<a href=\"http:\/\/www.letemps.com.tn\/article\/115069\/%C2%ABje-ne-veux-pas-me-pr%C3%A9senter-pour-contrer-bouchamaoui%C2%A0%C2%BB\">Cliquez ici pour lire l&rsquo;article depuis sa source.<\/a><\/p>\n","protected":false},"excerpt":{"rendered":"<p>Deux candidats tunisiens \u00e0 la pr\u00e9sidence de la CAF\u00a0 Wadii Al Jari\u00a0: Mardi 23 Juin 2020 [embedded content] Le pr\u00e9sident de la F\u00e9d\u00e9ration tunisienne de football a plein d\u2019ambitions et personne n\u2019en doute. Dont celle de\u00a0 viser \u00e0 la pr\u00e9sidence de la Conf\u00e9d\u00e9ration africaine de football et il ne le cache pas. :\u00a0 \u00abJe ne [&hellip;]<\/p>\n","protected":false},"author":1773,"featured_media":89870,"comment_status":"closed","ping_status":"closed","sticky":false,"template":"","format":"standard","meta":{"fifu_image_url":"","fifu_image_alt":"","footnotes":""},"categories":[73,55],"tags":[],"class_list":["post-89869","post","type-post","status-publish","format-standard","has-post-thumbnail","hentry","category-actualite","category-tunisie"],"_links":{"self":[{"href":"https:\/\/linitiative.ca\/International\/wp-json\/wp\/v2\/posts\/89869","targetHints":{"allow":["GET"]}}],"collection":[{"href":"https:\/\/linitiative.ca\/International\/wp-json\/wp\/v2\/posts"}],"about":[{"href":"https:\/\/linitiative.ca\/International\/wp-json\/wp\/v2\/types\/post"}],"author":[{"embeddable":true,"href":"https:\/\/linitiative.ca\/International\/wp-json\/wp\/v2\/users\/1773"}],"replies":[{"embeddable":true,"href":"https:\/\/linitiative.ca\/International\/wp-json\/wp\/v2\/comments?post=89869"}],"version-history":[{"count":0,"href":"https:\/\/linitiative.ca\/International\/wp-json\/wp\/v2\/posts\/89869\/revisions"}],"wp:featuredmedia":[{"embeddable":true,"href":"https:\/\/linitiative.ca\/International\/wp-json\/"}],"wp:attachment":[{"href":"https:\/\/linitiative.ca\/International\/wp-json\/wp\/v2\/media?parent=89869"}],"wp:term":[{"taxonomy":"category","embeddable":true,"href":"https:\/\/linitiative.ca\/International\/wp-json\/wp\/v2\/categories?post=89869"},{"taxonomy":"post_tag","embeddable":true,"href":"https:\/\/linitiative.ca\/International\/wp-json\/wp\/v2\/tags?post=89869"}],"curies":[{"name":"wp","href":"https:\/\/api.w.org\/{rel}","templated":true}]}}