{"id":89871,"date":"2020-06-23T10:20:00","date_gmt":"2020-06-23T14:20:00","guid":{"rendered":"https:\/\/linitiative.ca\/International\/le-societaire-de-lest-ben-salah-vers-le-zamalek\/"},"modified":"2020-06-23T10:20:00","modified_gmt":"2020-06-23T14:20:00","slug":"le-societaire-de-lest-ben-salah-vers-le-zamalek","status":"publish","type":"post","link":"https:\/\/linitiative.ca\/International\/le-societaire-de-lest-ben-salah-vers-le-zamalek\/","title":{"rendered":"Le soci\u00e9taire de l\u2019EST, Ben Salah vers le Zamalek"},"content":{"rendered":"<p class=\"p1 c3\"><span class=\"c2\">L\u2019\u00e9quipe de handball de l\u2019Esp\u00e9rance Sportive de Tunis pourrait perdre les services de l\u2019un de ses meilleurs joueurs. Selon des sources concordantes, le demi-centre du club de Bab Souika int\u00e9resse fortement le Zamalek du Caire.<span class=\"Apple-converted-space\">\u00a0<\/span> Il est fort probable qu\u2019il aille le rejoigne dans les prochains jours.<\/span><\/p>\n<p class=\"p1 c3\"><span class=\"c2\">Ag\u00e9 de 30 ans, Ben Salah \u00e9volue \u00e0 l\u2019EST depuis 2017. Il a \u00e9galement port\u00e9 les maillots du <span class=\"Apple-converted-space\">\u00a0<\/span> Club Africain, d\u2019Al Sadd (Qatar), de l\u2019Etoile du Sahel et de la JS Chihia.<\/span><\/p>\n<p class=\"p2 c4\"><span class=\"c2\"><strong>La Super coupe<span class=\"Apple-converted-space\">\u00a0<\/span><\/strong><\/span><\/p>\n<p class=\"p2 c4\"><span class=\"c2\"><strong>ESS-Zamalek renvoy\u00e9 ! <span class=\"Apple-converted-space\">\u00a0<\/span><\/strong><\/span><\/p>\n<p class=\"p1 c3\"><span class=\"c2\">La CAHB a annonc\u00e9 le report du match de la Supercoupe d\u2019Afrique de Handball qui devait opposer en Alg\u00e9rie, l\u2019Etoile Sportive du Sahel au Zamalek..<\/span><\/p>\n<p class=\"p3 c5\"><span class=\"c2\"><strong>R.B.A<\/strong><\/span><\/p>\n<p>Auteur: letemps1<br \/>\n<a href=\"http:\/\/www.letemps.com.tn\/article\/115070\/le-soci%C3%A9taire-de-l%E2%80%99est-ben-salah-vers-le-zamalek\">Cliquez ici pour lire l&rsquo;article depuis sa source.<\/a><\/p>\n","protected":false},"excerpt":{"rendered":"<p>L\u2019\u00e9quipe de handball de l\u2019Esp\u00e9rance Sportive de Tunis pourrait perdre les services de l\u2019un de ses meilleurs joueurs. Selon des sources concordantes, le demi-centre du club de Bab Souika int\u00e9resse fortement le Zamalek du Caire.\u00a0 Il est fort probable qu\u2019il aille le rejoigne dans les prochains jours. Ag\u00e9 de 30 ans, Ben Salah \u00e9volue \u00e0 [&hellip;]<\/p>\n","protected":false},"author":1773,"featured_media":0,"comment_status":"closed","ping_status":"closed","sticky":false,"template":"","format":"standard","meta":{"fifu_image_url":"","fifu_image_alt":"","footnotes":""},"categories":[73,55],"tags":[],"class_list":["post-89871","post","type-post","status-publish","format-standard","hentry","category-actualite","category-tunisie"],"_links":{"self":[{"href":"https:\/\/linitiative.ca\/International\/wp-json\/wp\/v2\/posts\/89871","targetHints":{"allow":["GET"]}}],"collection":[{"href":"https:\/\/linitiative.ca\/International\/wp-json\/wp\/v2\/posts"}],"about":[{"href":"https:\/\/linitiative.ca\/International\/wp-json\/wp\/v2\/types\/post"}],"author":[{"embeddable":true,"href":"https:\/\/linitiative.ca\/International\/wp-json\/wp\/v2\/users\/1773"}],"replies":[{"embeddable":true,"href":"https:\/\/linitiative.ca\/International\/wp-json\/wp\/v2\/comments?post=89871"}],"version-history":[{"count":0,"href":"https:\/\/linitiative.ca\/International\/wp-json\/wp\/v2\/posts\/89871\/revisions"}],"wp:attachment":[{"href":"https:\/\/linitiative.ca\/International\/wp-json\/wp\/v2\/media?parent=89871"}],"wp:term":[{"taxonomy":"category","embeddable":true,"href":"https:\/\/linitiative.ca\/International\/wp-json\/wp\/v2\/categories?post=89871"},{"taxonomy":"post_tag","embeddable":true,"href":"https:\/\/linitiative.ca\/International\/wp-json\/wp\/v2\/tags?post=89871"}],"curies":[{"name":"wp","href":"https:\/\/api.w.org\/{rel}","templated":true}]}}