{"id":89872,"date":"2020-06-23T10:22:01","date_gmt":"2020-06-23T14:22:01","guid":{"rendered":"https:\/\/linitiative.ca\/International\/larbitre-guirat-pour-le-match-ob-osb\/"},"modified":"2020-06-23T10:22:01","modified_gmt":"2020-06-23T14:22:01","slug":"larbitre-guirat-pour-le-match-ob-osb","status":"publish","type":"post","link":"https:\/\/linitiative.ca\/International\/larbitre-guirat-pour-le-match-ob-osb\/","title":{"rendered":"L\u2019arbitre Guirat pour le match OB-OSB"},"content":{"rendered":"<p class=\"p1 c3\"><span class=\"c2\">La FTF a arr\u00eat\u00e9 depuis quelques jours la liste des arbitres retenus pour diriger les rencontres du Play-off pour l\u2019accession en Ligue 1. Cette liste comprend les arbitres internationaux et ceux devant rejoindre la liste internationale. Ainsi les Na\u00efm Hosni, Mehrez Melki, Heythem Guirat, Yosri Bouali, NidhalLetaief et Emir Loucif seront log\u00e9 dans un h\u00f4tel s\u00e9par\u00e9 des \u00e9quipes concern\u00e9es par les play-offs et seront soumis au protocole sanitaire mis en place par la FTF, ainsique les arbitres assistants.<\/span><\/p>\n<p class=\"p2 c4\">\u00a0<\/p>\n<p class=\"p3 c5\"><span class=\"c2\"><strong>Guirat au sifflet<\/strong><\/span><\/p>\n<p class=\"p1 c3\"><span class=\"c2\">Pour la rencontre de demain, la FTF a d\u00e9sign\u00e9 l\u2019international Heythem Guirat pour diriger la rencontre de demain entre l\u2019O. B\u00e9ja et l\u2019OS Bouzid. Il sera assist\u00e9 de Khalil Hassani et Mohamed Bekir. Yosri Bouali sera le 4\u00e8me arbitre et cette rencontre sera contr\u00f4l\u00e9e par YouazTrabelsi et Mohamed Dabbabi.<\/span><\/p>\n<p class=\"p2 c4\">\u00a0<\/p>\n<p class=\"p3 c5\"><span class=\"c2\"><strong>Mise en garde<\/strong><\/span><\/p>\n<p class=\"p1 c3\"><span class=\"c2\">Le pr\u00e9sident de la FTF a indiqu\u00e9 que tout arbitre ou arbitre assistant qui sera l\u2019auteur d\u2019une erreur pouvant changer le r\u00e9sultat de la rencontre sera exposer \u00e0 son expulsion de la liste des arbitres et arbitres assistants internationaux.<span class=\"Apple-converted-space\">\u00a0<\/span><\/span><\/p>\n<p class=\"p3 c5\"><span class=\"c2\"><strong>A la TV<\/strong><\/span><\/p>\n<p class=\"p1 c3\"><span class=\"c2\">Rappelons que cette rencontre sera retransmise par la TV nationale \u00e0 partir de 21H. La t\u00e9l\u00e9vision nationale se chargera \u00e9galement de retransmettre la rencontre de jeudi entre l\u2019AS Rajich et El Gawafel de Gafsa qui aura lieu \u00e9galement \u00e0 partir de 21.00 et sur la pelouse du stade olympique de Rad\u00e9s.<\/span><\/p>\n<p class=\"p2 c4\">\u00a0<\/p>\n<p class=\"p3 c5\"><span class=\"c2\"><strong>L\u2019ASA exempt<\/strong><\/span><\/p>\n<p class=\"p1 c3\"><span class=\"c2\">Le pr\u00e9sident de la FTF, Wad\u00ef Jerr\u00ef a annonc\u00e9 sur les ondes d\u2019une radio locale, que l\u2019AS Ariana ne participera pas \u00e0 la phase du Play-out. Cette \u00e9quipe condamn\u00e9 \u00e0 la rel\u00e9gation avant m\u00eame de prendre part au mini tournoi pour le maintien,ne sera pas retenue afin d\u2019\u00e9viter toute mauvaise interpr\u00e9tation et afin de respecter le pass\u00e9 glorieux de cette \u00e9quipe banlieusarde. <span class=\"Apple-converted-space\">\u00a0<\/span><\/span><\/p>\n<p class=\"p4 c6\"><span class=\"c2\"><strong>M.R<\/strong><\/span><\/p>\n<p>Auteur: letemps1<br \/>\n<a href=\"http:\/\/www.letemps.com.tn\/article\/115071\/l%E2%80%99arbitre-guirat-pour-le-match-ob-osb\">Cliquez ici pour lire l&rsquo;article depuis sa source.<\/a><\/p>\n","protected":false},"excerpt":{"rendered":"<p>La FTF a arr\u00eat\u00e9 depuis quelques jours la liste des arbitres retenus pour diriger les rencontres du Play-off pour l\u2019accession en Ligue 1. Cette liste comprend les arbitres internationaux et ceux devant rejoindre la liste internationale. Ainsi les Na\u00efm Hosni, Mehrez Melki, Heythem Guirat, Yosri Bouali, NidhalLetaief et Emir Loucif seront log\u00e9 dans un h\u00f4tel [&hellip;]<\/p>\n","protected":false},"author":1773,"featured_media":0,"comment_status":"closed","ping_status":"closed","sticky":false,"template":"","format":"standard","meta":{"fifu_image_url":"","fifu_image_alt":"","footnotes":""},"categories":[73,55],"tags":[],"class_list":["post-89872","post","type-post","status-publish","format-standard","hentry","category-actualite","category-tunisie"],"_links":{"self":[{"href":"https:\/\/linitiative.ca\/International\/wp-json\/wp\/v2\/posts\/89872","targetHints":{"allow":["GET"]}}],"collection":[{"href":"https:\/\/linitiative.ca\/International\/wp-json\/wp\/v2\/posts"}],"about":[{"href":"https:\/\/linitiative.ca\/International\/wp-json\/wp\/v2\/types\/post"}],"author":[{"embeddable":true,"href":"https:\/\/linitiative.ca\/International\/wp-json\/wp\/v2\/users\/1773"}],"replies":[{"embeddable":true,"href":"https:\/\/linitiative.ca\/International\/wp-json\/wp\/v2\/comments?post=89872"}],"version-history":[{"count":0,"href":"https:\/\/linitiative.ca\/International\/wp-json\/wp\/v2\/posts\/89872\/revisions"}],"wp:attachment":[{"href":"https:\/\/linitiative.ca\/International\/wp-json\/wp\/v2\/media?parent=89872"}],"wp:term":[{"taxonomy":"category","embeddable":true,"href":"https:\/\/linitiative.ca\/International\/wp-json\/wp\/v2\/categories?post=89872"},{"taxonomy":"post_tag","embeddable":true,"href":"https:\/\/linitiative.ca\/International\/wp-json\/wp\/v2\/tags?post=89872"}],"curies":[{"name":"wp","href":"https:\/\/api.w.org\/{rel}","templated":true}]}}