{"id":89873,"date":"2020-06-23T15:14:08","date_gmt":"2020-06-23T19:14:08","guid":{"rendered":"https:\/\/linitiative.ca\/International\/equipe-dalgerie-en-zetchi-evoque-lavenir-de-belmadi\/"},"modified":"2020-06-23T15:14:08","modified_gmt":"2020-06-23T19:14:08","slug":"equipe-dalgerie-en-zetchi-evoque-lavenir-de-belmadi","status":"publish","type":"post","link":"https:\/\/linitiative.ca\/International\/equipe-dalgerie-en-zetchi-evoque-lavenir-de-belmadi\/","title":{"rendered":"Equipe d&rsquo;Alg\u00e9rie : EN: Zetchi \u00e9voque l&rsquo;avenir de Belmadi"},"content":{"rendered":"<div readability=\"32\">\n<p>Auteur : <span>Riad Ouenzar<\/span> <span class=\"time\">mardi 23 juin 2020 18:09<\/span><\/p>\n<\/div>\n<div id=\"post_core\" readability=\"59\">\n<p>Le pr\u00e9sident de la FAF, Khe\u00efreddine Zetchi \u00e9tait, ce mardi, l\u2019invit\u00e9 de la radio nationale cha\u00eene deux, lors d\u2019une \u00e9mission sp\u00e9ciale, ou il a abord\u00e9 plusieurs sujets, li\u00e9s a l\u2019actualit\u00e9 footballistique du moment. Le patron de la f\u00e9d\u00e9 a, notamment, \u00e9voqu\u00e9 l\u2019avenir du s\u00e9lectionneur national, Djamel Belmadi. Ces derniers temps, le nom du coach national a \u00e9t\u00e9 cit\u00e9 dans plusieurs clubs et s\u00e9lections, notamment en France. \u00a0Le consultant de RMC, Jonatan MacHardy avait r\u00e9v\u00e9l\u00e9 lors de l\u2019\u00e9mission \u00abAfter Foot\u00bb que le s\u00e9lectionneur national, Djamel Belmadi a eu des offres \u00abde clubs du top 5 du championnat fran\u00e7ais\u00bb. Un int\u00e9r\u00eat logique pour celui qui a r\u00e9ussi \u00e0 mener les Verts vers le sacre africain.<\/p>\n<p><strong>\u00abBelmadi est l\u2019un des meilleurs entra\u00eeneurs au monde\u00bb<\/strong><\/p>\n<p>Le pr\u00e9sident de la FAF, Khe\u00efreddine Zetchi a expliqu\u00e9 aujourd\u2019hui que Belmadi va poursuivre son travail \u00e0 la t\u00eate de la barre technique de l\u2019EN\u00a0:\u00a0\u00abNous sommes fiers d\u2019avoir avec nous l\u2019un des meilleurs entra\u00eeneurs au monde, notamment en mati\u00e8re de travail et de discipline.\u00bb a-t-il d\u00e9clar\u00e9 sur les ondes de la radio nationale cha\u00eene deux, avant d\u2019ajouter\u00a0:\u00a0\u00abJe n\u2019ai pas beaucoup d\u2019informations \u00e0 ce sujet, mais il est tout a fait normal qu\u2019il ait re\u00e7u des offres all\u00e9chantes apr\u00e8s le sacre africain. Mais son amour pour l\u2019Alg\u00e9rie le pousse \u00e0 rester en s\u00e9lection jusqu\u2019\u00e0 la fin de son contrat en 2022.\u00bb<\/p>\n<p><strong>Publi\u00e9 dans :<\/strong> <span>Belmadi<\/span><\/p>\n<\/div>\n<p>Auteur:<br \/>\n<a href=\"http:\/\/www.lebuteur.com\/article\/detail?titre=en-zetchi-evoque-lavenir-de-belmadi&#038;id=96367&#038;utm_source=feedburner&#038;utm_medium=feed&#038;utm_campaign=Feed%3A+GalerieFArtciles+%28Les+derniers+articles++-+lebuteur.com%29\">Cliquez ici pour lire l&rsquo;article depuis sa source.<\/a><\/p>\n","protected":false},"excerpt":{"rendered":"<p>Auteur : Riad Ouenzar mardi 23 juin 2020 18:09 Le pr\u00e9sident de la FAF, Khe\u00efreddine Zetchi \u00e9tait, ce mardi, l\u2019invit\u00e9 de la radio nationale cha\u00eene deux, lors d\u2019une \u00e9mission sp\u00e9ciale, ou il a abord\u00e9 plusieurs sujets, li\u00e9s a l\u2019actualit\u00e9 footballistique du moment. Le patron de la f\u00e9d\u00e9 a, notamment, \u00e9voqu\u00e9 l\u2019avenir du s\u00e9lectionneur national, Djamel [&hellip;]<\/p>\n","protected":false},"author":1738,"featured_media":89874,"comment_status":"closed","ping_status":"closed","sticky":false,"template":"","format":"standard","meta":{"fifu_image_url":"","fifu_image_alt":"","footnotes":""},"categories":[53,75],"tags":[],"class_list":["post-89873","post","type-post","status-publish","format-standard","has-post-thumbnail","hentry","category-algerie","category-sport"],"_links":{"self":[{"href":"https:\/\/linitiative.ca\/International\/wp-json\/wp\/v2\/posts\/89873","targetHints":{"allow":["GET"]}}],"collection":[{"href":"https:\/\/linitiative.ca\/International\/wp-json\/wp\/v2\/posts"}],"about":[{"href":"https:\/\/linitiative.ca\/International\/wp-json\/wp\/v2\/types\/post"}],"author":[{"embeddable":true,"href":"https:\/\/linitiative.ca\/International\/wp-json\/wp\/v2\/users\/1738"}],"replies":[{"embeddable":true,"href":"https:\/\/linitiative.ca\/International\/wp-json\/wp\/v2\/comments?post=89873"}],"version-history":[{"count":0,"href":"https:\/\/linitiative.ca\/International\/wp-json\/wp\/v2\/posts\/89873\/revisions"}],"wp:featuredmedia":[{"embeddable":true,"href":"https:\/\/linitiative.ca\/International\/wp-json\/"}],"wp:attachment":[{"href":"https:\/\/linitiative.ca\/International\/wp-json\/wp\/v2\/media?parent=89873"}],"wp:term":[{"taxonomy":"category","embeddable":true,"href":"https:\/\/linitiative.ca\/International\/wp-json\/wp\/v2\/categories?post=89873"},{"taxonomy":"post_tag","embeddable":true,"href":"https:\/\/linitiative.ca\/International\/wp-json\/wp\/v2\/tags?post=89873"}],"curies":[{"name":"wp","href":"https:\/\/api.w.org\/{rel}","templated":true}]}}