{"id":89883,"date":"2020-06-22T19:00:00","date_gmt":"2020-06-22T23:00:00","guid":{"rendered":"https:\/\/linitiative.ca\/International\/hommage-au-moudjahid-mohamed-biouche-un-heros-de-la-revolution\/"},"modified":"2020-06-22T19:00:00","modified_gmt":"2020-06-22T23:00:00","slug":"hommage-au-moudjahid-mohamed-biouche-un-heros-de-la-revolution","status":"publish","type":"post","link":"https:\/\/linitiative.ca\/International\/hommage-au-moudjahid-mohamed-biouche-un-heros-de-la-revolution\/","title":{"rendered":"Hommage au moudjahid Mohamed Biouche :  Un h\u00e9ros  de la r\u00e9volution"},"content":{"rendered":"<p>L&rsquo;homme est connu pour sa modestie comme il \u00e9tait \u00e9galement humble et n\u2019occupait aucun poste de responsabilit\u00e9. Originaire de Batna, il habitait \u00e0 la p\u00e9riph\u00e9rie du chef-lieu de wilaya. Le moudjahid d\u00e9c\u00e9d\u00e9 \u00e0 l\u2019\u00e2ge de 96 ans a particip\u00e9 d\u00e8s son jeune \u00e2ge au mouvement national et il \u00e9tait membre du MTLD. Quand le d\u00e9funt Mostafa Benboulaid a commenc\u00e9 \u00e0 se pr\u00e9parer pour l\u2019action arm\u00e9e, il \u00e9tait \u00e0 ses c\u00f4t\u00e9s. Naturellement il a fait partie du groupe qui \u00e9tait charg\u00e9 par le valeureux chef de la Wilaya I d\u2019ex\u00e9cuter les op\u00e9rations pr\u00e9vues le 1er novembre 1954. D\u2019un courage exceptionnel, c\u2019\u00e9tait lui qui devait mener l&rsquo;assaut contre la caserne situ\u00e9e au centre-ville de la capitale des Aur\u00e8s.<\/p>\n<p>L\u2019homme que nous avons rencontr\u00e9 pour les besoins d\u2019un reportage sur le d\u00e9clenchement de la R\u00e9volution en 2011 nous avait racont\u00e9 \u00e0 l\u2019\u00e9poque qu\u2019il pensait mourir durant l\u2019attaque. Il nous a racont\u00e9 \u00e0 l\u2019\u00e9poque que pour lui c\u2019\u00e9tait tuer ou \u00eatre tu\u00e9, \u00abqatel\u00bb ou \u00abmaqtoul\u00bb. Le moudjahid avait ensuite rejoint son groupe de soutien qui l\u2019attendait \u00e0 un autre coin de rue. C\u2019est \u00e0 la montagne de Tazoult qu\u2019il s\u2019est retrouv\u00e9 le lendemain de l\u2019op\u00e9ration. A l&rsquo;ind\u00e9pendance, une seule mission le pr\u00e9occupait : l\u2019\u00e9criture de l\u2019histoire tout en \u00e9voquant son parcours. Il racontait le d\u00e9clenchement de la R\u00e9volution comme s\u2019il parlait de ses souvenirs de la veille. C\u2019est qu\u2019il y a des faits qui restent marqu\u00e9s dans l\u2019esprit. La rencontre du moudjahid Mohamed Biouche est de ceux-l\u00e0.<\/p>\n<p>F. D.<\/p>\n<p>Auteur: elmoudjahid<br \/>\n<a href=\"http:\/\/www.elmoudjahid.com\/fr\/actualites\/155378\">Cliquez ici pour lire l&rsquo;article depuis sa source.<\/a><\/p>\n","protected":false},"excerpt":{"rendered":"<p>L&rsquo;homme est connu pour sa modestie comme il \u00e9tait \u00e9galement humble et n\u2019occupait aucun poste de responsabilit\u00e9. Originaire de Batna, il habitait \u00e0 la p\u00e9riph\u00e9rie du chef-lieu de wilaya. Le moudjahid d\u00e9c\u00e9d\u00e9 \u00e0 l\u2019\u00e2ge de 96 ans a particip\u00e9 d\u00e8s son jeune \u00e2ge au mouvement national et il \u00e9tait membre du MTLD. Quand le d\u00e9funt [&hellip;]<\/p>\n","protected":false},"author":1744,"featured_media":0,"comment_status":"closed","ping_status":"closed","sticky":false,"template":"","format":"standard","meta":{"fifu_image_url":"","fifu_image_alt":"","footnotes":""},"categories":[73,53],"tags":[],"class_list":["post-89883","post","type-post","status-publish","format-standard","hentry","category-actualite","category-algerie"],"_links":{"self":[{"href":"https:\/\/linitiative.ca\/International\/wp-json\/wp\/v2\/posts\/89883","targetHints":{"allow":["GET"]}}],"collection":[{"href":"https:\/\/linitiative.ca\/International\/wp-json\/wp\/v2\/posts"}],"about":[{"href":"https:\/\/linitiative.ca\/International\/wp-json\/wp\/v2\/types\/post"}],"author":[{"embeddable":true,"href":"https:\/\/linitiative.ca\/International\/wp-json\/wp\/v2\/users\/1744"}],"replies":[{"embeddable":true,"href":"https:\/\/linitiative.ca\/International\/wp-json\/wp\/v2\/comments?post=89883"}],"version-history":[{"count":0,"href":"https:\/\/linitiative.ca\/International\/wp-json\/wp\/v2\/posts\/89883\/revisions"}],"wp:attachment":[{"href":"https:\/\/linitiative.ca\/International\/wp-json\/wp\/v2\/media?parent=89883"}],"wp:term":[{"taxonomy":"category","embeddable":true,"href":"https:\/\/linitiative.ca\/International\/wp-json\/wp\/v2\/categories?post=89883"},{"taxonomy":"post_tag","embeddable":true,"href":"https:\/\/linitiative.ca\/International\/wp-json\/wp\/v2\/tags?post=89883"}],"curies":[{"name":"wp","href":"https:\/\/api.w.org\/{rel}","templated":true}]}}