{"id":89884,"date":"2020-06-22T19:00:00","date_gmt":"2020-06-22T23:00:00","guid":{"rendered":"https:\/\/linitiative.ca\/International\/eclairage-preserver-le-legs-memoriel\/"},"modified":"2020-06-22T19:00:00","modified_gmt":"2020-06-22T23:00:00","slug":"eclairage-preserver-le-legs-memoriel","status":"publish","type":"post","link":"https:\/\/linitiative.ca\/International\/eclairage-preserver-le-legs-memoriel\/","title":{"rendered":"\u00c9clairage : Pr\u00e9server  le legs m\u00e9moriel"},"content":{"rendered":"<p>Les exigences de la conjoncture que nous vivons rendent indispensable la n\u00e9cessit\u00e9 de transmettre aux Alg\u00e9riens un legs historique susceptible de tentatives de falsification des faits orchestr\u00e9es par des forces nuisibles. Dans son message \u00e0 la Nation, \u00e0 l\u2019occasion de la comm\u00e9moration du 75e anniversaire des massacres du 8 mai 1945, le pr\u00e9sident Abdelmadjid Tebboune a pris la noble d\u00e9cision d\u2019instituer le 8 mai de chaque ann\u00e9e, journ\u00e9e nationale de la M\u00e9moire, de m\u00eame qu\u2019il a donn\u00e9 instruction de lancer une cha\u00eene t\u00e9l\u00e9vis\u00e9e nationale sp\u00e9cialis\u00e9e dans l\u2019histoire, qui constituera un support pour le syst\u00e8me \u00e9ducatif dans l\u2019enseignement de cette mati\u00e8re pour toutes les g\u00e9n\u00e9rations. Il incombe \u00e0 nos historiens, \u00e9crit le chef de l\u2019Etat, d\u2019\u00e9lucider chaque \u00e9tape et toutes les autres avec un haut degr\u00e9 de cr\u00e9dibilit\u00e9, c\u2019est l\u2019une des pr\u00e9occupations de l\u2019Alg\u00e9rie nouvelle et de sa jeunesse. Il a ainsi exhort\u00e9 les historiens \u00e0 proc\u00e9der aujourd\u2019hui \u00e0 l\u2019\u00e9lucidation m\u00e9thodique de chaque recoin de cette \u00e9tape et de toutes les autres ancr\u00e9es dans la m\u00e9moire de la nation afin de rendre justice aux g\u00e9n\u00e9rations montantes. Le Bureau de l&rsquo;Assembl\u00e9e populaire nationale a transmis huit amendements propos\u00e9s au projet de loi instituant le 8 mai 1945, journ\u00e9e nationale de la M\u00e9moire \u00e0 la commission des affaires juridiques, administratives et des libert\u00e9s. L\u2019int\u00e9r\u00eat pour l\u2019histoire se confirme de plus en plus et l\u2019on assiste \u00e0 une r\u00e9habilitation progressive de l\u2019acte d\u2019\u00e9crire, de t\u00e9moigner, de consigner, en un mot de lever le voile sur des sujets tabous. Des dirigeants du Mouvement national, jadis marginalis\u00e9s, voire proscrits sont r\u00e9habilit\u00e9s ; les ouvrages, les recherches, les enqu\u00eates de plus en plus cr\u00e9dibles sont port\u00e9s \u00e0 la connaissance du public. Le\u2008pass\u00e9 est revisit\u00e9 et fait irruption dans un pr\u00e9sent en devenir. Il ne surgit pas par simple effet de contingence mais en relation avec des acquis appel\u00e9s \u00e0 \u00eatre p\u00e9rennis\u00e9s. Le citoyen ne se contente plus d\u2019une narration sublim\u00e9e. Il ne se laisse pas entra\u00eener par les mirages des scoops, des r\u00e9v\u00e9lations fracassantes ou par la langue d\u2019Esope. Il a besoin de versions solides diversifi\u00e9es, qui soient fructueuses pour une bonne compr\u00e9hension de son histoire. L\u2019ouverture du champ de l\u2019histoire \u00e0 toutes les tendances est une richesse et un excellent capital m\u00e9moriel. C\u2019est cela qui permet de contrecarrer les tentatives irrationnelles de groupes de nostalgiques, des lobbies \u00e9pars qui s\u2019ing\u00e9nient \u00e0 glorifier \u00ables bienfaits\u00bb de la colonisation, \u00e0 vouloir accr\u00e9diter une \u00e9criture de l\u2019histoire frapp\u00e9e d\u2019une \u00e9vidente c\u00e9cit\u00e9 scientifique et mentale. Il serait beaucoup plus juste et honn\u00eate, pour apaiser les esprits, de parler de \u00abd\u00e9civilisation\u00bb avec ses entreprises syst\u00e9matiques de d\u00e9personnalisation, d\u2019acculturation du peuple alg\u00e9rien.<\/p>\n<p><strong>M. Bouraib<\/strong><\/p>\n<p>Auteur: elmoudjahid<br \/>\n<a href=\"http:\/\/www.elmoudjahid.com\/fr\/actualites\/155379\">Cliquez ici pour lire l&rsquo;article depuis sa source.<\/a><\/p>\n","protected":false},"excerpt":{"rendered":"<p>Les exigences de la conjoncture que nous vivons rendent indispensable la n\u00e9cessit\u00e9 de transmettre aux Alg\u00e9riens un legs historique susceptible de tentatives de falsification des faits orchestr\u00e9es par des forces nuisibles. Dans son message \u00e0 la Nation, \u00e0 l\u2019occasion de la comm\u00e9moration du 75e anniversaire des massacres du 8 mai 1945, le pr\u00e9sident Abdelmadjid Tebboune [&hellip;]<\/p>\n","protected":false},"author":1744,"featured_media":0,"comment_status":"closed","ping_status":"closed","sticky":false,"template":"","format":"standard","meta":{"fifu_image_url":"","fifu_image_alt":"","footnotes":""},"categories":[73,53],"tags":[],"class_list":["post-89884","post","type-post","status-publish","format-standard","hentry","category-actualite","category-algerie"],"_links":{"self":[{"href":"https:\/\/linitiative.ca\/International\/wp-json\/wp\/v2\/posts\/89884","targetHints":{"allow":["GET"]}}],"collection":[{"href":"https:\/\/linitiative.ca\/International\/wp-json\/wp\/v2\/posts"}],"about":[{"href":"https:\/\/linitiative.ca\/International\/wp-json\/wp\/v2\/types\/post"}],"author":[{"embeddable":true,"href":"https:\/\/linitiative.ca\/International\/wp-json\/wp\/v2\/users\/1744"}],"replies":[{"embeddable":true,"href":"https:\/\/linitiative.ca\/International\/wp-json\/wp\/v2\/comments?post=89884"}],"version-history":[{"count":0,"href":"https:\/\/linitiative.ca\/International\/wp-json\/wp\/v2\/posts\/89884\/revisions"}],"wp:attachment":[{"href":"https:\/\/linitiative.ca\/International\/wp-json\/wp\/v2\/media?parent=89884"}],"wp:term":[{"taxonomy":"category","embeddable":true,"href":"https:\/\/linitiative.ca\/International\/wp-json\/wp\/v2\/categories?post=89884"},{"taxonomy":"post_tag","embeddable":true,"href":"https:\/\/linitiative.ca\/International\/wp-json\/wp\/v2\/tags?post=89884"}],"curies":[{"name":"wp","href":"https:\/\/api.w.org\/{rel}","templated":true}]}}