{"id":89886,"date":"2020-06-22T19:00:00","date_gmt":"2020-06-22T23:00:00","guid":{"rendered":"https:\/\/linitiative.ca\/International\/participation-de-la-jeunesse-a-la-vie-publique-les-dix-propositions-des-associations-sharek\/"},"modified":"2020-06-22T19:00:00","modified_gmt":"2020-06-22T23:00:00","slug":"participation-de-la-jeunesse-a-la-vie-publique-les-dix-propositions-des-associations-sharek","status":"publish","type":"post","link":"https:\/\/linitiative.ca\/International\/participation-de-la-jeunesse-a-la-vie-publique-les-dix-propositions-des-associations-sharek\/","title":{"rendered":"Participation de la jeunesse \u00e0 la vie publique : Les dix propositions  des associations Sharek"},"content":{"rendered":"<p>Mme Meriem Chikirou, secr\u00e9taire g\u00e9n\u00e9rale de l&rsquo;association SIDRA explique \u00e0 El Moudjahid que l&rsquo;action associative et la constitution d&rsquo;une soci\u00e9t\u00e9 civile puissante permettent de cr\u00e9er un corps social interm\u00e9diaire qui permet aux citoyens d&rsquo;exprimer leurs aspirations et participer activement \u00e0 la vie publique. Issues des quatre coins du pays, les associations de jeunesse du collectif Sharek avaient lanc\u00e9 il y a quelques mois l&rsquo;initiative Echabab Yataharek (Les jeunes passent \u00e0 l&rsquo;action), qui plaide pour une meilleure participation de la jeunesse dans le processus de prise de d\u00e9cision, tant au niveau central que local. L&rsquo;initiative vise \u00e0 mettre en valeur les contributions du mouvement associatif dans les diff\u00e9rents chantiers de r\u00e9formes entam\u00e9s par l&rsquo;Etat dont le projet de r\u00e9vision de la Constitution. Pour la SG de SIDRA, les contributions seront une valeur ajout\u00e9e pour renforcer les capacit\u00e9s des jeunes \u00e0 la participation active dans le processus de la gestion des affaires publiques.<\/p>\n<p>La plateforme identifie dix axes cl\u00e9s qui permettraient de cr\u00e9er le cadre institutionnel favorable \u00e0 une participation r\u00e9elle et effective des jeunes, dans tous les secteurs et \u00e0 toutes les \u00e9chelles. Les dix points sont autant de portes d\u2019entr\u00e9e pour ouvrir le chantier de la participation effective des jeunes qui pourront transformer le paysage social en les positionnant comme acteurs de leur d\u00e9veloppement. Cette frange de la soci\u00e9t\u00e9 pourra tirer parti de son statut pour impulser des transformations sociales de grande envergure et fond\u00e9e sur la logique de l&rsquo;inclusion et la participation collective, estime Mme Chikirou.<\/p>\n<p>Cette contribution repr\u00e9sente la premi\u00e8re contribution du collectif dans le plan national jeunesse dans son volet participation citoyenne. La mise en place de ce plan par le minist\u00e8re est une grande opportunit\u00e9 pour les jeunes et leurs organisations afin de contribuer en tant qu&rsquo;acteurs incontournables \u00e0 la traduction de leurs besoins et de leurs aspirations dans une politique publique multisectorielle et int\u00e9gr\u00e9e. Sur un autre registre, les associations plaident pour que l\u2019\u00e2ge de se porter candidat aux assembl\u00e9es \u00e9lues au niveau communal, de wilaya et national soit r\u00e9duit \u00e0 19 ans alors qu&rsquo;il est aujourd&rsquo;hui limit\u00e9 \u00e0 23 ans et plus pour l\u2019APC et l\u2019APW et \u00e0 25 ans et plus pour l\u2019APN. Le recueil appelle aussi \u00e0 faire baisser l&rsquo;\u00e2ge minimum de candidature \u00e0 la pr\u00e9sidence de la R\u00e9publique \u00e0 35 ans au lieu de 40 ans.<\/p>\n<p>Les principaux points ont pour objectif notamment d&rsquo;inscrire la participation des jeunes dans les priorit\u00e9s constitutionnelles de l&rsquo;Etat, d&rsquo;instaurer des quotas pour les jeunes afin d&rsquo;augmenter les chances d&rsquo;acc\u00e8s \u00e0 la repr\u00e9sentation dans les assembl\u00e9es \u00e9lues. Outre l&rsquo;installation d&rsquo;un conseil sup\u00e9rieur de la jeunesse, les associations revendiquent la mise en place des dispositions sp\u00e9cifiques pour faciliter la cr\u00e9ation et la gestion de clubs et d&rsquo;associations.<\/p>\n<p>Figure \u00e9galement l&rsquo;institutionnalisation des conseils consultatifs de jeunes comme dispositifs de concertation locale et la n\u00e9cessit\u00e9 de r\u00e9former le syst\u00e8me de gestion et l&rsquo;animation d\u00e9di\u00e9es.<\/p>\n<p>\u00a0\u00abIl serait imp\u00e9ratif de mettre en place des m\u00e9canismes clairs \u00e0 travers des textes juridiques pour faire de la soci\u00e9t\u00e9 civile une force de proposition et initier les jeunes et activistes au plaidoyer, \u00e0 la participation, au dialogue et \u00e0 la coop\u00e9ration\u00bb, note Mme Chirkirou.\u00a0<\/p>\n<p>Faire de la jeunesse la principale locomotive de changement exige, selon les associations Sharek, renforcer les capacit\u00e9s des collectivit\u00e9s territoriales \u00e0 travers un programme national d&rsquo;accompagnement pour l&rsquo;int\u00e9gration de la jeunesse et ainsi d\u00e9ployer un programme national de formation sur la participation en sa faveur.<\/p>\n<p><strong>Tahar Kaidi<\/strong><\/p>\n<p>Auteur: elmoudjahid<br \/>\n<a href=\"http:\/\/www.elmoudjahid.com\/fr\/actualites\/155381\">Cliquez ici pour lire l&rsquo;article depuis sa source.<\/a><\/p>\n","protected":false},"excerpt":{"rendered":"<p>Mme Meriem Chikirou, secr\u00e9taire g\u00e9n\u00e9rale de l&rsquo;association SIDRA explique \u00e0 El Moudjahid que l&rsquo;action associative et la constitution d&rsquo;une soci\u00e9t\u00e9 civile puissante permettent de cr\u00e9er un corps social interm\u00e9diaire qui permet aux citoyens d&rsquo;exprimer leurs aspirations et participer activement \u00e0 la vie publique. Issues des quatre coins du pays, les associations de jeunesse du collectif [&hellip;]<\/p>\n","protected":false},"author":1744,"featured_media":0,"comment_status":"closed","ping_status":"closed","sticky":false,"template":"","format":"standard","meta":{"fifu_image_url":"","fifu_image_alt":"","footnotes":""},"categories":[73,53],"tags":[],"class_list":["post-89886","post","type-post","status-publish","format-standard","hentry","category-actualite","category-algerie"],"_links":{"self":[{"href":"https:\/\/linitiative.ca\/International\/wp-json\/wp\/v2\/posts\/89886","targetHints":{"allow":["GET"]}}],"collection":[{"href":"https:\/\/linitiative.ca\/International\/wp-json\/wp\/v2\/posts"}],"about":[{"href":"https:\/\/linitiative.ca\/International\/wp-json\/wp\/v2\/types\/post"}],"author":[{"embeddable":true,"href":"https:\/\/linitiative.ca\/International\/wp-json\/wp\/v2\/users\/1744"}],"replies":[{"embeddable":true,"href":"https:\/\/linitiative.ca\/International\/wp-json\/wp\/v2\/comments?post=89886"}],"version-history":[{"count":0,"href":"https:\/\/linitiative.ca\/International\/wp-json\/wp\/v2\/posts\/89886\/revisions"}],"wp:attachment":[{"href":"https:\/\/linitiative.ca\/International\/wp-json\/wp\/v2\/media?parent=89886"}],"wp:term":[{"taxonomy":"category","embeddable":true,"href":"https:\/\/linitiative.ca\/International\/wp-json\/wp\/v2\/categories?post=89886"},{"taxonomy":"post_tag","embeddable":true,"href":"https:\/\/linitiative.ca\/International\/wp-json\/wp\/v2\/tags?post=89886"}],"curies":[{"name":"wp","href":"https:\/\/api.w.org\/{rel}","templated":true}]}}