{"id":89887,"date":"2020-06-22T19:00:00","date_gmt":"2020-06-22T23:00:00","guid":{"rendered":"https:\/\/linitiative.ca\/International\/algerie-tunisie-coordonner-les-positions-au-niveau-des-instances-sportives-internationales\/"},"modified":"2020-06-22T19:00:00","modified_gmt":"2020-06-22T23:00:00","slug":"algerie-tunisie-coordonner-les-positions-au-niveau-des-instances-sportives-internationales","status":"publish","type":"post","link":"https:\/\/linitiative.ca\/International\/algerie-tunisie-coordonner-les-positions-au-niveau-des-instances-sportives-internationales\/","title":{"rendered":"Alg\u00e9rie-Tunisie :  Coordonner les positions au niveau des instances sportives internationales"},"content":{"rendered":"<p>Lors de ces entretiens, visant le renforcement des relations bilat\u00e9rales dans le domaine des sports et de la jeunesse, les deux ministres ont convenu de \u00abla coordination des positions des deux pays lors des conf\u00e9rences, des congr\u00e8s internationaux et des conseils minist\u00e9riels aux niveaux maghr\u00e9bin, africain, arabe et international, outre l\u2019appui mutuel aux candidats alg\u00e9riens et tunisiens au niveau de ces instances \u00bb, pr\u00e9cise la m\u00eame source.<\/p>\n<p>Il a \u00e9t\u00e9 \u00e9galement convenu du \u00ab soutien mutuel \u00e0 la candidature d&rsquo;un de nos deux pays pour abriter des manifestations sportives ou juv\u00e9niles\u00a0\u00bb.<\/p>\n<p>A ce propos, la partie tunisienne a r\u00e9it\u00e9r\u00e9 son soutien, avec tous les moyens disponibles, pour faire r\u00e9ussir la 19e \u00e9dition des Jeux m\u00e9diterran\u00e9ens qui sera organis\u00e9e \u00e0 Oran en 2022, souligne le communiqu\u00e9<\/p>\n<p>Dans ce sillage, il a \u00e9t\u00e9 d\u00e9cid\u00e9 de la \u00ab mise en place d\u2019un m\u00e9canisme devant coordonner les positions des deux pays au niveau des instances sportives internationales\u00bb, ajoute le MJS.<\/p>\n<p>S\u2019agissant de la coop\u00e9ration bilat\u00e9rale, les deux ministres ont affich\u00e9 leur volont\u00e9 de \u00ab relancer les activit\u00e9s et les manifestations sportives et juv\u00e9niles entre les deux pays, en se focalisant dans un premier temps sur les wilayas frontali\u00e8res entre l\u2019Alg\u00e9rie et la Tunisie, en sus de l\u2019\u00e9change d\u2019expertises et d\u2019exp\u00e9riences en mati\u00e8re de politiques publiques inh\u00e9rentes aux sports et \u00e0 la jeunesse notamment le Plan national de Jeunesse.<\/p>\n<p>Les deux ministres ont convenu, entre autres, de l\u2019\u00e9change d\u2019expertises, de la gestion des maisons de Jeunes, du forum num\u00e9rique des jeunes, de la promotion du sport scolaire et universitaire, de la s\u00e9lection de jeunes talents sportifs, de leur formation et de leur accompagnement ainsi que de la gestion des infrastructures sportives. Deux points focaux ont \u00e9t\u00e9 mis en place au niveau des deux d\u00e9partements pour la concr\u00e9tisation de ces axes.<\/p>\n<p>A l\u2019issue de cette r\u00e9union, M. Khaldi a invit\u00e9 son homologue tunisien \u00e0 effectuer une visite de travail en Alg\u00e9rie et tenir, par l\u2019occasion, la commission sectorielle mixte alg\u00e9ro-tunisienne qui sera sanctionn\u00e9e par la signature du programme ex\u00e9cutif de coop\u00e9ration entre les deux pays dans leur domaine.\u00a0<\/p>\n<p>Auteur: elmoudjahid<br \/>\n<a href=\"http:\/\/www.elmoudjahid.com\/fr\/actualites\/155382\">Cliquez ici pour lire l&rsquo;article depuis sa source.<\/a><\/p>\n","protected":false},"excerpt":{"rendered":"<p>Lors de ces entretiens, visant le renforcement des relations bilat\u00e9rales dans le domaine des sports et de la jeunesse, les deux ministres ont convenu de \u00abla coordination des positions des deux pays lors des conf\u00e9rences, des congr\u00e8s internationaux et des conseils minist\u00e9riels aux niveaux maghr\u00e9bin, africain, arabe et international, outre l\u2019appui mutuel aux candidats alg\u00e9riens [&hellip;]<\/p>\n","protected":false},"author":1744,"featured_media":0,"comment_status":"closed","ping_status":"closed","sticky":false,"template":"","format":"standard","meta":{"fifu_image_url":"","fifu_image_alt":"","footnotes":""},"categories":[73,53],"tags":[],"class_list":["post-89887","post","type-post","status-publish","format-standard","hentry","category-actualite","category-algerie"],"_links":{"self":[{"href":"https:\/\/linitiative.ca\/International\/wp-json\/wp\/v2\/posts\/89887","targetHints":{"allow":["GET"]}}],"collection":[{"href":"https:\/\/linitiative.ca\/International\/wp-json\/wp\/v2\/posts"}],"about":[{"href":"https:\/\/linitiative.ca\/International\/wp-json\/wp\/v2\/types\/post"}],"author":[{"embeddable":true,"href":"https:\/\/linitiative.ca\/International\/wp-json\/wp\/v2\/users\/1744"}],"replies":[{"embeddable":true,"href":"https:\/\/linitiative.ca\/International\/wp-json\/wp\/v2\/comments?post=89887"}],"version-history":[{"count":0,"href":"https:\/\/linitiative.ca\/International\/wp-json\/wp\/v2\/posts\/89887\/revisions"}],"wp:attachment":[{"href":"https:\/\/linitiative.ca\/International\/wp-json\/wp\/v2\/media?parent=89887"}],"wp:term":[{"taxonomy":"category","embeddable":true,"href":"https:\/\/linitiative.ca\/International\/wp-json\/wp\/v2\/categories?post=89887"},{"taxonomy":"post_tag","embeddable":true,"href":"https:\/\/linitiative.ca\/International\/wp-json\/wp\/v2\/tags?post=89887"}],"curies":[{"name":"wp","href":"https:\/\/api.w.org\/{rel}","templated":true}]}}