{"id":89895,"date":"2020-06-23T12:27:00","date_gmt":"2020-06-23T16:27:00","guid":{"rendered":"https:\/\/linitiative.ca\/International\/soufiane-djilali-defend-amira-bouraoui\/"},"modified":"2020-06-23T12:27:00","modified_gmt":"2020-06-23T16:27:00","slug":"soufiane-djilali-defend-amira-bouraoui","status":"publish","type":"post","link":"https:\/\/linitiative.ca\/International\/soufiane-djilali-defend-amira-bouraoui\/","title":{"rendered":"Soufiane Djilali d\u00e9fend  Amira Bouraoui"},"content":{"rendered":"<p><br id=\"sep_para_1\" class=\"sep_para access\"\/><\/p>\n<div id=\"para_1\" class=\"para_37557885 resize\">\n<div class=\"texte access firstletter\">Le pr\u00e9sident du parti Jil Jadid, Soufiane Djilali a r\u00e9agi, lundi 22 juin 2020, \u00e0 la condamnation ce dimanche 21 juin\u00a0 \u00e0 une ann\u00e9e de prison ferme de la militante et m\u00e9decin, Amira Bouraoui. Pour Soufiane Djilali \u00ab Amira Bouraoui ne m\u00e9rite pas cela \u00bb. \u00ab La sentence prononc\u00e9e par la justice contre Amira Bouraoui est \u00e0 l\u2019\u00e9vidence hors proportions pour les faits qui lui sont reproch\u00e9s. D\u00e9bordant souvent sur les r\u00e8gles conformistes et maniant les mots sans politesse entendue, Amira Bouraoui reste une militante engag\u00e9e, enti\u00e8re et sans fard. Si elle brise souvent le consensus, elle peut aussi oser la r\u00e9bellion des mots sans mesure \u00bb, \u00e9crit le pr\u00e9sident de Jil Jadid dans un communiqu\u00e9 rendu public. Cependant, poursuit-il, \u00ab en aucun cas, elle n\u2019a \u00e9t\u00e9 nocive ou intrigante contre quiconque et encore moins contre son pays \u00bb. \u00ab Au contraire, elle a assum\u00e9 ses convictions pour une Alg\u00e9rie d\u00e9barrass\u00e9e de sa mafia lorsque beaucoup se taisaient et se terraient \u00bb, estime Soufiane Djilali, qui ajoute qu&rsquo; \u00bbau-del\u00e0 de son drame personnel, sa condamnation pose cependant des questions autrement plus lourdes. \u00bb<\/div>\n<\/div>\n<p>Auteur: R\u00e9flexion<br \/>\n<a href=\"https:\/\/www.reflexiondz.net\/Soufiane-Djilali-defend-Amira-Bouraoui_a63574.html\">Cliquez ici pour lire l&rsquo;article depuis sa source.<\/a><\/p>\n","protected":false},"excerpt":{"rendered":"<p>Le pr\u00e9sident du parti Jil Jadid, Soufiane Djilali a r\u00e9agi, lundi 22 juin 2020, \u00e0 la condamnation ce dimanche 21 juin\u00a0 \u00e0 une ann\u00e9e de prison ferme de la militante et m\u00e9decin, Amira Bouraoui. Pour Soufiane Djilali \u00ab Amira Bouraoui ne m\u00e9rite pas cela \u00bb. \u00ab La sentence prononc\u00e9e par la justice contre Amira Bouraoui [&hellip;]<\/p>\n","protected":false},"author":1740,"featured_media":0,"comment_status":"closed","ping_status":"closed","sticky":false,"template":"","format":"standard","meta":{"fifu_image_url":"","fifu_image_alt":"","footnotes":""},"categories":[53,76],"tags":[],"class_list":["post-89895","post","type-post","status-publish","format-standard","hentry","category-algerie","category-regions"],"_links":{"self":[{"href":"https:\/\/linitiative.ca\/International\/wp-json\/wp\/v2\/posts\/89895","targetHints":{"allow":["GET"]}}],"collection":[{"href":"https:\/\/linitiative.ca\/International\/wp-json\/wp\/v2\/posts"}],"about":[{"href":"https:\/\/linitiative.ca\/International\/wp-json\/wp\/v2\/types\/post"}],"author":[{"embeddable":true,"href":"https:\/\/linitiative.ca\/International\/wp-json\/wp\/v2\/users\/1740"}],"replies":[{"embeddable":true,"href":"https:\/\/linitiative.ca\/International\/wp-json\/wp\/v2\/comments?post=89895"}],"version-history":[{"count":0,"href":"https:\/\/linitiative.ca\/International\/wp-json\/wp\/v2\/posts\/89895\/revisions"}],"wp:attachment":[{"href":"https:\/\/linitiative.ca\/International\/wp-json\/wp\/v2\/media?parent=89895"}],"wp:term":[{"taxonomy":"category","embeddable":true,"href":"https:\/\/linitiative.ca\/International\/wp-json\/wp\/v2\/categories?post=89895"},{"taxonomy":"post_tag","embeddable":true,"href":"https:\/\/linitiative.ca\/International\/wp-json\/wp\/v2\/tags?post=89895"}],"curies":[{"name":"wp","href":"https:\/\/api.w.org\/{rel}","templated":true}]}}