{"id":89896,"date":"2020-06-23T12:27:00","date_gmt":"2020-06-23T16:27:00","guid":{"rendered":"https:\/\/linitiative.ca\/International\/premier-appel-a-la-priere-a-la-grande-mosquee-dalger\/"},"modified":"2020-06-23T12:27:00","modified_gmt":"2020-06-23T16:27:00","slug":"premier-appel-a-la-priere-a-la-grande-mosquee-dalger","status":"publish","type":"post","link":"https:\/\/linitiative.ca\/International\/premier-appel-a-la-priere-a-la-grande-mosquee-dalger\/","title":{"rendered":"Premier appel \u00e0 la pri\u00e8re  \u00e0 la Grande Mosqu\u00e9e d\u2019Alger"},"content":{"rendered":"<p><br id=\"sep_para_1\" class=\"sep_para access\"\/><\/p>\n<div id=\"para_1\" class=\"para_37557880 resize\">\n<div class=\"texte access firstletter\">Le premier appel \u00e0 la pri\u00e8re a \u00e9t\u00e9 lanc\u00e9, lundi 22 juin 2020, depuis le minaret de la Grande Mosqu\u00e9e d\u2019Alger (GMA) en attendant son inauguration officielle. Le pr\u00e9sident de la R\u00e9publique Abdelmadjid Tebboune avait annonc\u00e9, faut-il le rappeler, \u00e0 la veille du mois de Ramadhan son souhait d\u2019ouvrir ce gigantesque \u00e9difice n\u2019\u00e9tait la situation sanitaire due au Coronavirus (Covid-19), indiquant qu\u2019il \u00e9tait fin pr\u00eat pour accueillir les fid\u00e8les. Les travaux de construction de la 3e plus grande mosqu\u00e9e au monde apr\u00e8s les deux saintes mosqu\u00e9es en Arabie Saoudite (La Mecque et M\u00e9dine) ont \u00e9t\u00e9 lanc\u00e9s en mai 2012. Cet \u00e9difice \u00e9rig\u00e9 sur une surface de 180 000 m2, d\u2019une capacit\u00e9 d\u2019accueil de plus de 120 000 fid\u00e8les,\u00a0\u00a0 est compos\u00e9 de trois \u00e9tages, est dot\u00e9 de deux salles de conf\u00e9rence d\u2019une superficie de 16 100 m2 contenant 1800 places, d\u2019un parking de 6 000 v\u00e9hicules et d\u2019une biblioth\u00e8que de 2 000 places.<\/div>\n<\/div>\n<p>Auteur: R\u00e9flexion<br \/>\n<a href=\"https:\/\/www.reflexiondz.net\/Premier-appel-a-la-priere-a-la-Grande-Mosquee-d-Alger_a63573.html\">Cliquez ici pour lire l&rsquo;article depuis sa source.<\/a><\/p>\n","protected":false},"excerpt":{"rendered":"<p>Le premier appel \u00e0 la pri\u00e8re a \u00e9t\u00e9 lanc\u00e9, lundi 22 juin 2020, depuis le minaret de la Grande Mosqu\u00e9e d\u2019Alger (GMA) en attendant son inauguration officielle. Le pr\u00e9sident de la R\u00e9publique Abdelmadjid Tebboune avait annonc\u00e9, faut-il le rappeler, \u00e0 la veille du mois de Ramadhan son souhait d\u2019ouvrir ce gigantesque \u00e9difice n\u2019\u00e9tait la situation [&hellip;]<\/p>\n","protected":false},"author":1740,"featured_media":0,"comment_status":"closed","ping_status":"closed","sticky":false,"template":"","format":"standard","meta":{"fifu_image_url":"","fifu_image_alt":"","footnotes":""},"categories":[53,76],"tags":[],"class_list":["post-89896","post","type-post","status-publish","format-standard","hentry","category-algerie","category-regions"],"_links":{"self":[{"href":"https:\/\/linitiative.ca\/International\/wp-json\/wp\/v2\/posts\/89896","targetHints":{"allow":["GET"]}}],"collection":[{"href":"https:\/\/linitiative.ca\/International\/wp-json\/wp\/v2\/posts"}],"about":[{"href":"https:\/\/linitiative.ca\/International\/wp-json\/wp\/v2\/types\/post"}],"author":[{"embeddable":true,"href":"https:\/\/linitiative.ca\/International\/wp-json\/wp\/v2\/users\/1740"}],"replies":[{"embeddable":true,"href":"https:\/\/linitiative.ca\/International\/wp-json\/wp\/v2\/comments?post=89896"}],"version-history":[{"count":0,"href":"https:\/\/linitiative.ca\/International\/wp-json\/wp\/v2\/posts\/89896\/revisions"}],"wp:attachment":[{"href":"https:\/\/linitiative.ca\/International\/wp-json\/wp\/v2\/media?parent=89896"}],"wp:term":[{"taxonomy":"category","embeddable":true,"href":"https:\/\/linitiative.ca\/International\/wp-json\/wp\/v2\/categories?post=89896"},{"taxonomy":"post_tag","embeddable":true,"href":"https:\/\/linitiative.ca\/International\/wp-json\/wp\/v2\/tags?post=89896"}],"curies":[{"name":"wp","href":"https:\/\/api.w.org\/{rel}","templated":true}]}}