{"id":89897,"date":"2020-06-23T12:36:00","date_gmt":"2020-06-23T16:36:00","guid":{"rendered":"https:\/\/linitiative.ca\/International\/oran-un-membre-de-lapw-teste-positif-au-coronavirus\/"},"modified":"2020-06-23T12:36:00","modified_gmt":"2020-06-23T16:36:00","slug":"oran-un-membre-de-lapw-teste-positif-au-coronavirus","status":"publish","type":"post","link":"https:\/\/linitiative.ca\/International\/oran-un-membre-de-lapw-teste-positif-au-coronavirus\/","title":{"rendered":"ORAN : Un membre de l&rsquo;APW test\u00e9 positif au Coronavirus"},"content":{"rendered":"<p><br id=\"sep_para_1\" class=\"sep_para access\"\/><\/p>\n<div id=\"para_1\" class=\"para_37558046 resize\">\n<div class=\"photo shadow left\"><a href=\"javascript:void(0)\" rel=\"https:\/\/www.reflexiondz.net\/photo\/art\/grande\/47493227-37558046.jpg?v=1592931463&amp;ibox\" title=\"ORAN : Un membre de l'APW test\u00e9 positif au Coronavirus\"><img decoding=\"async\" class=\"responsive c9\" src=\"https:\/\/www.reflexiondz.net\/photo\/art\/grande\/47493227-37558046.jpg?v=1592931463\" alt=\"ORAN : Un membre de l'APW test\u00e9 positif au Coronavirus\" title=\"ORAN : Un membre de l'APW test\u00e9 positif au Coronavirus\"\/><img decoding=\"async\" class=\"not-responsive\" src=\"https:\/\/www.reflexiondz.net\/photo\/art\/default\/47493227-37558046.jpg?v=1592931463\" alt=\"ORAN : Un membre de l'APW test\u00e9 positif au Coronavirus\" title=\"ORAN : Un membre de l'APW test\u00e9 positif au Coronavirus\"\/><\/a><\/div>\n<div class=\"texte access firstletter\">C&rsquo;est l&rsquo;unique membre de l&rsquo;Assembl\u00e9e populaire de la wilaya d&rsquo;Oran, le nomm\u00e9 F.A d\u2019ob\u00e9dience FLN qui a \u00e9t\u00e9 test\u00e9 positif au Coronavirus (COVID19). Presque tous les autres membres de l&rsquo;APW d&rsquo;Oran ayant\u00a0 effectu\u00e9 les tests de d\u00e9pistage ont \u00e9t\u00e9 test\u00e9s n\u00e9gatifs, malheureusement, pour cet \u00e9lu membre de l&rsquo;Assembl\u00e9e populaire de la wilaya d&rsquo;Oran qui a \u00e9t\u00e9 diagnostiqu\u00e9\u00a0 avant hier matin positif au coronavirus, est admis\u00a0 dans un service d&rsquo;urgence\u00a0 de l&rsquo;H\u00f4pital d&rsquo;Oran et il est bien pris en charge. Son \u00e9tat de sant\u00e9 n\u2019est pas inqui\u00e9tant. Il est calme, courageux, ont fait savoir les coll\u00e8gues.\u00a0\u00a0\u00a0\u00a0\u00a0\u00a0<\/div>\n<\/div>\n<p>Auteur: Medjadji H.<br \/>\n<a href=\"https:\/\/www.reflexiondz.net\/ORAN-Un-membre-de-l-APW-teste-positif-au-Coronavirus_a63575.html\">Cliquez ici pour lire l&rsquo;article depuis sa source.<\/a><\/p>\n","protected":false},"excerpt":{"rendered":"<p>C&rsquo;est l&rsquo;unique membre de l&rsquo;Assembl\u00e9e populaire de la wilaya d&rsquo;Oran, le nomm\u00e9 F.A d\u2019ob\u00e9dience FLN qui a \u00e9t\u00e9 test\u00e9 positif au Coronavirus (COVID19). Presque tous les autres membres de l&rsquo;APW d&rsquo;Oran ayant\u00a0 effectu\u00e9 les tests de d\u00e9pistage ont \u00e9t\u00e9 test\u00e9s n\u00e9gatifs, malheureusement, pour cet \u00e9lu membre de l&rsquo;Assembl\u00e9e populaire de la wilaya d&rsquo;Oran qui a [&hellip;]<\/p>\n","protected":false},"author":1740,"featured_media":0,"comment_status":"closed","ping_status":"closed","sticky":false,"template":"","format":"standard","meta":{"fifu_image_url":"","fifu_image_alt":"","footnotes":""},"categories":[53,76],"tags":[],"class_list":["post-89897","post","type-post","status-publish","format-standard","hentry","category-algerie","category-regions"],"_links":{"self":[{"href":"https:\/\/linitiative.ca\/International\/wp-json\/wp\/v2\/posts\/89897","targetHints":{"allow":["GET"]}}],"collection":[{"href":"https:\/\/linitiative.ca\/International\/wp-json\/wp\/v2\/posts"}],"about":[{"href":"https:\/\/linitiative.ca\/International\/wp-json\/wp\/v2\/types\/post"}],"author":[{"embeddable":true,"href":"https:\/\/linitiative.ca\/International\/wp-json\/wp\/v2\/users\/1740"}],"replies":[{"embeddable":true,"href":"https:\/\/linitiative.ca\/International\/wp-json\/wp\/v2\/comments?post=89897"}],"version-history":[{"count":0,"href":"https:\/\/linitiative.ca\/International\/wp-json\/wp\/v2\/posts\/89897\/revisions"}],"wp:attachment":[{"href":"https:\/\/linitiative.ca\/International\/wp-json\/wp\/v2\/media?parent=89897"}],"wp:term":[{"taxonomy":"category","embeddable":true,"href":"https:\/\/linitiative.ca\/International\/wp-json\/wp\/v2\/categories?post=89897"},{"taxonomy":"post_tag","embeddable":true,"href":"https:\/\/linitiative.ca\/International\/wp-json\/wp\/v2\/tags?post=89897"}],"curies":[{"name":"wp","href":"https:\/\/api.w.org\/{rel}","templated":true}]}}