{"id":89904,"date":"2020-06-22T17:08:00","date_gmt":"2020-06-22T21:08:00","guid":{"rendered":"https:\/\/linitiative.ca\/International\/le-64e-anniversaire-de-larmee-tunisienne-un-rempart-contre-les-agressions-exterieures-et-une-ecole-de-civisme\/"},"modified":"2020-06-22T17:08:00","modified_gmt":"2020-06-22T21:08:00","slug":"le-64e-anniversaire-de-larmee-tunisienne-un-rempart-contre-les-agressions-exterieures-et-une-ecole-de-civisme","status":"publish","type":"post","link":"https:\/\/linitiative.ca\/International\/le-64e-anniversaire-de-larmee-tunisienne-un-rempart-contre-les-agressions-exterieures-et-une-ecole-de-civisme\/","title":{"rendered":"Le 64e anniversaire de l&rsquo;arm\u00e9e tunisienne : Un rempart contre les agressions ext\u00e9rieures et une \u00e9cole de civisme"},"content":{"rendered":"<p>Les Tunisiens c\u00e9l\u00e8brent ce mercredi 24 juin, le 64e anniversaire de la cr\u00e9ation de l\u2019arm\u00e9e nationale. Dans le monde arabe,l&rsquo;arm\u00e9e tunisienne d\u00e9tonne par son l\u00e9galisme et son attachement aux valeurs r\u00e9publicaines. Elle reste notre rempart contre les agressions \u00e9trang\u00e8res, le terrorisme, le gardien de nos institutions et une \u00e9cole de civisme. Elle contribue \u00e9galement\u00a0 \u00e0 l&rsquo;effort de d\u00e9veloppement, notamment dans les r\u00e9gions\u00a0 d\u00e9sh\u00e9rit\u00e9es \u00e0 l&rsquo;instar de cette belle r\u00e9ussite que repr\u00e9sente Rejim Matoug. A cette occasion, nous vous invitons \u00e0 relire ce recueil d\u2019articles sur l\u2019arm\u00e9e mis en ligne sur <span class=\"c2\"><strong>Leaders<\/strong><\/span>.<\/p>\n<p><a href=\"https:\/\/www.leaders.com.tn\/article\/19264-femmes-et-militaires-ces-tunisiennes-qui-nous-honorent\" target=\"_blank\" rel=\"noopener noreferrer\"><span class=\"c3\"><strong>\u2022<\/strong><\/span> <strong>Femmes et militaires : Ces tunisiennes qui nous honorent<\/strong><\/a><\/p>\n<p><a href=\"https:\/\/www.leaders.com.tn\/article\/19058-regiment-d-honneur-un-ceremonial-militaire-fastueux\" target=\"_blank\" rel=\"noopener noreferrer\"><span class=\"c3\"><strong>\u2022<\/strong><\/span> <strong>R\u00e9giment d\u2019honneur: Un c\u00e9r\u00e9monial militaire fastueux (Vid\u00e9o)<\/strong><\/a><\/p>\n<p><a href=\"https:\/\/www.leaders.com.tn\/article\/19092-la-cavalerie-du-regiment-d-honneur-de-l-armee-nationale\" target=\"_blank\" rel=\"noopener noreferrer\"><span class=\"c3\"><strong>\u2022<\/strong><\/span> <strong>La cavalerie du r\u00e9giment d\u2019honneur de l\u2019arm\u00e9e nationale (Vid\u00e9o)<\/strong><\/a><\/p>\n<p><a href=\"https:\/\/www.leaders.com.tn\/article\/19082-en-premiere-ligne-sur-la-frontiere-tuniso-libyenne-comment-la-tunisie-se-protege-contre-le-terrorisme-et-la-contrebande-video\" target=\"_blank\" rel=\"noopener noreferrer\"><span class=\"c3\"><strong>\u2022<\/strong><\/span> <strong>En premi\u00e8re ligne sur la fronti\u00e8re tuniso-libyenne : comment la Tunisie se prot\u00e8ge contre le terrorisme et la contrebande (Vid\u00e9o)<\/strong><\/a><\/p>\n<p><a href=\"https:\/\/www.leaders.com.tn\/article\/19544-arret-sur-image\" target=\"_blank\" rel=\"noopener noreferrer\"><span class=\"c3\"><strong>\u2022<\/strong><\/span> <strong>Profession : D\u00e9mineur, une grande comp\u00e9tence de l\u2019arm\u00e9e tunisienne<\/strong><\/a><\/p>\n<p><a href=\"https:\/\/www.leaders.com.tn\/article\/16554-reflexions-sur-l-armee-de-2030-menaces-missions-doctrine-les-exigences-techniques-de-la-defense\" target=\"_blank\" rel=\"noopener noreferrer\"><span class=\"c3\"><strong>\u2022<\/strong><\/span> <strong>R\u00e9flexions sur l\u2019arm\u00e9e de 2030: Menaces, missions, doctrine &#8211; Les exigences techniques de la d\u00e9fense<\/strong><\/a><\/p>\n<p><a href=\"https:\/\/www.leaders.com.tn\/article\/19517-la-nation-et-ses-militaires\" target=\"_blank\" rel=\"noopener noreferrer\"><span class=\"c3\"><strong>\u2022<\/strong><\/span> <strong>La nation et ses militaires<\/strong><\/a><\/p>\n<p>Auteur:<br \/>\n<a href=\"https:\/\/www.leaders.com.tn\/article\/30157-le-64e-anniversaire-de-l-armee-tunisienne-un-rempart-contre-les-agressions-exterieures-et-une-ecole-de-civisme\">Cliquez ici pour lire l&rsquo;article depuis sa source.<\/a><\/p>\n","protected":false},"excerpt":{"rendered":"<p>Les Tunisiens c\u00e9l\u00e8brent ce mercredi 24 juin, le 64e anniversaire de la cr\u00e9ation de l\u2019arm\u00e9e nationale. Dans le monde arabe,l&rsquo;arm\u00e9e tunisienne d\u00e9tonne par son l\u00e9galisme et son attachement aux valeurs r\u00e9publicaines. Elle reste notre rempart contre les agressions \u00e9trang\u00e8res, le terrorisme, le gardien de nos institutions et une \u00e9cole de civisme. Elle contribue \u00e9galement\u00a0 \u00e0 [&hellip;]<\/p>\n","protected":false},"author":1772,"featured_media":0,"comment_status":"closed","ping_status":"closed","sticky":false,"template":"","format":"standard","meta":{"fifu_image_url":"","fifu_image_alt":"","footnotes":""},"categories":[73,55],"tags":[],"class_list":["post-89904","post","type-post","status-publish","format-standard","hentry","category-actualite","category-tunisie"],"_links":{"self":[{"href":"https:\/\/linitiative.ca\/International\/wp-json\/wp\/v2\/posts\/89904","targetHints":{"allow":["GET"]}}],"collection":[{"href":"https:\/\/linitiative.ca\/International\/wp-json\/wp\/v2\/posts"}],"about":[{"href":"https:\/\/linitiative.ca\/International\/wp-json\/wp\/v2\/types\/post"}],"author":[{"embeddable":true,"href":"https:\/\/linitiative.ca\/International\/wp-json\/wp\/v2\/users\/1772"}],"replies":[{"embeddable":true,"href":"https:\/\/linitiative.ca\/International\/wp-json\/wp\/v2\/comments?post=89904"}],"version-history":[{"count":0,"href":"https:\/\/linitiative.ca\/International\/wp-json\/wp\/v2\/posts\/89904\/revisions"}],"wp:attachment":[{"href":"https:\/\/linitiative.ca\/International\/wp-json\/wp\/v2\/media?parent=89904"}],"wp:term":[{"taxonomy":"category","embeddable":true,"href":"https:\/\/linitiative.ca\/International\/wp-json\/wp\/v2\/categories?post=89904"},{"taxonomy":"post_tag","embeddable":true,"href":"https:\/\/linitiative.ca\/International\/wp-json\/wp\/v2\/tags?post=89904"}],"curies":[{"name":"wp","href":"https:\/\/api.w.org\/{rel}","templated":true}]}}