{"id":89910,"date":"2020-06-23T12:41:40","date_gmt":"2020-06-23T16:41:40","guid":{"rendered":"https:\/\/linitiative.ca\/International\/air-arabia-maroc-reprend-ses-vols\/"},"modified":"2020-06-23T12:41:40","modified_gmt":"2020-06-23T16:41:40","slug":"air-arabia-maroc-reprend-ses-vols","status":"publish","type":"post","link":"https:\/\/linitiative.ca\/International\/air-arabia-maroc-reprend-ses-vols\/","title":{"rendered":"Air Arabia Maroc reprend ses vols"},"content":{"rendered":"<p><strong>La compagnie a\u00e9rienne a annonc\u00e9 mardi la reprise d\u00e8s le 25 juin de son programme de vols internes dans le Royaume.<\/strong><\/p>\n<div class=\"c10\"\/>\n<p>Le leader du transport a\u00e9rien \u00e0 bas co\u00fbt dans la r\u00e9gion va reprendre ses vols avec une augmentation graduelle du nombre de fr\u00e9quences. La compagnie pr\u00e9cise que quatorze liaisons sont concern\u00e9es au d\u00e9part et \u00e0 destination de sept villes, \u00e0 savoir Agadir, Dakhla, F\u00e8s, Marrakech, Nador, Rabat et Tanger. Air Arabia Maroc informe toutefois ses clients qu\u2019ils sont amen\u00e9s \u00e0 se munir d\u2019une autorisation professionnelle (ordre de mission) ou d\u2019une autorisation d\u00e9livr\u00e9e par les autorit\u00e9s locales en cas de d\u00e9placement entre les zones 1 et 2.<\/p>\n<p><strong>Lire aussi | <a href=\"https:\/\/www.challenge.ma\/hotellerie-ce-quil-faut-savoir-sur-la-reouverture-des-etablissements-dhebergement-touristique-145758\/\">H\u00f4tellerie: ce qu\u2019il faut savoir sur la r\u00e9ouverture des \u00e9tablissements d\u2019h\u00e9bergement touristique<\/a><\/strong><\/p>\n<p>Elle ajoute que le d\u00e9confinement n\u2019exempte pas les passagers de respecter les mesures barri\u00e8res et de pr\u00e9vention. Le port du masque reste ainsi obligatoire sur l\u2019ensemble de ses vols et des contr\u00f4les de temp\u00e9rature sont effectu\u00e9s au d\u00e9part de chaque vol.<\/p>\n<p><strong>Lire aussi | <a href=\"https:\/\/www.challenge.ma\/coronavirus-loperation-marhaba-2020-annulee-mais-les-mre-pourront-regagner-le-maroc-selon-des-conditions-145910\/\">Coronavirus : l\u2019op\u00e9ration Marhaba 2020 annul\u00e9e mais les MRE pourront regagner le Maroc<\/a><\/strong><\/p>\n<p>Pour rappel, Air Arabia Maroc est membre du groupe Air Arabia. Bas\u00e9e \u00e0 Casablanca, elle est le premier transporteur \u00e0 bas co\u00fbt (LCC) du Maroc. La compagnie a\u00e9rienne a \u00e9t\u00e9 lanc\u00e9e en avril 2009.<\/p>\n<div class=\"vw-sticky-sidebar-wrapper vw-sticky-sidebar widget_text awac-wrapper widget_text awac widget custom_html-4 textwidget custom-html-widget\">\n<p class=\"has-background c12\"><span class=\"widget-title c11\">Tribune et D\u00e9bats<\/span><\/p>\n<p>La tribune qui vous parle d\u2019une actu, d\u2019un sujet qui fait d\u00e9bat, les traitent et les analysent. \u00c9conomistes et autres experts, patrons d\u2019entreprises, d\u00e9cideurs, acteurs de la soci\u00e9t\u00e9 civile, s\u2019y prononcent et contribuent \u00e0 sa grande richesse. Vous avez votre opinion, convergente ou diff\u00e9rente. Exprimez-la et mesurez-vous ainsi \u00e0 nos tribuns et d\u00e9batteurs.<\/p>\n<p>Envoyez vos analyses \u00e0 : <a href=\"\/cdn-cgi\/l\/email-protection#7a1915140e1b190e3a19121b16161f141d1f54171b\"><span class=\"__cf_email__\" data-cfemail=\"95f6fafbe1f4f6e1d5f6fdf4f9f9f0fbf2f0bbf8f4\">[email\u00a0protected]<\/span><\/a>, en pr\u00e9cisant votre nom, votre pr\u00e9nom et votre m\u00e9tier.<\/p>\n<\/div>\n<p>Auteur: Karim Handaoui<br \/>\n<a href=\"https:\/\/www.challenge.ma\/air-arabia-maroc-reprend-ses-vols-146081\/\">Cliquez ici pour lire l&rsquo;article depuis sa source.<\/a><\/p>\n","protected":false},"excerpt":{"rendered":"<p>La compagnie a\u00e9rienne a annonc\u00e9 mardi la reprise d\u00e8s le 25 juin de son programme de vols internes dans le Royaume. Le leader du transport a\u00e9rien \u00e0 bas co\u00fbt dans la r\u00e9gion va reprendre ses vols avec une augmentation graduelle du nombre de fr\u00e9quences. La compagnie pr\u00e9cise que quatorze liaisons sont concern\u00e9es au d\u00e9part et [&hellip;]<\/p>\n","protected":false},"author":1787,"featured_media":0,"comment_status":"closed","ping_status":"closed","sticky":false,"template":"","format":"standard","meta":{"fifu_image_url":"","fifu_image_alt":"","footnotes":""},"categories":[78,54],"tags":[],"class_list":["post-89910","post","type-post","status-publish","format-standard","hentry","category-economie","category-maroc"],"_links":{"self":[{"href":"https:\/\/linitiative.ca\/International\/wp-json\/wp\/v2\/posts\/89910","targetHints":{"allow":["GET"]}}],"collection":[{"href":"https:\/\/linitiative.ca\/International\/wp-json\/wp\/v2\/posts"}],"about":[{"href":"https:\/\/linitiative.ca\/International\/wp-json\/wp\/v2\/types\/post"}],"author":[{"embeddable":true,"href":"https:\/\/linitiative.ca\/International\/wp-json\/wp\/v2\/users\/1787"}],"replies":[{"embeddable":true,"href":"https:\/\/linitiative.ca\/International\/wp-json\/wp\/v2\/comments?post=89910"}],"version-history":[{"count":0,"href":"https:\/\/linitiative.ca\/International\/wp-json\/wp\/v2\/posts\/89910\/revisions"}],"wp:attachment":[{"href":"https:\/\/linitiative.ca\/International\/wp-json\/wp\/v2\/media?parent=89910"}],"wp:term":[{"taxonomy":"category","embeddable":true,"href":"https:\/\/linitiative.ca\/International\/wp-json\/wp\/v2\/categories?post=89910"},{"taxonomy":"post_tag","embeddable":true,"href":"https:\/\/linitiative.ca\/International\/wp-json\/wp\/v2\/tags?post=89910"}],"curies":[{"name":"wp","href":"https:\/\/api.w.org\/{rel}","templated":true}]}}