{"id":89920,"date":"2020-06-23T16:38:23","date_gmt":"2020-06-23T20:38:23","guid":{"rendered":"https:\/\/linitiative.ca\/International\/tunisie-il-y-aura-lavant-et-lapres-visite-de-saied-en-france\/"},"modified":"2020-06-23T16:38:23","modified_gmt":"2020-06-23T20:38:23","slug":"tunisie-il-y-aura-lavant-et-lapres-visite-de-saied-en-france","status":"publish","type":"post","link":"https:\/\/linitiative.ca\/International\/tunisie-il-y-aura-lavant-et-lapres-visite-de-saied-en-france\/","title":{"rendered":"Tunisie \u2013 Il y aura l\u2019avant, et l\u2019apr\u00e8s, visite de Sa\u00efed en France\u00a0!"},"content":{"rendered":"<div class=\"post-cont-in left relative\">\n<p>La visite de travail du pr\u00e9sident de la R\u00e9publique, <a href=\"https:\/\/www.tunisienumerique.com\/tunisie-actualite\/kais-saied\/\" title=\"Ka&#xEF;s Sa&#xEF;ed\" target=\"_top\" class=\"auto-link\" rel=\"noopener noreferrer\">Ka\u00efs Sa\u00efed<\/a>, en <a href=\"https:\/\/www.tunisienumerique.com\/tunisie-actualite\/france\/\" title=\"France\" target=\"_top\" class=\"auto-link\" rel=\"noopener noreferrer\">France<\/a> aura marqu\u00e9, en ce mois de juin 2020, un tournant dans le paysage politique tunisien. Une visite apr\u00e8s laquelle plus rien ne sera comme avant. Une visite qui aura permis \u00e0 Ka\u00efs Sa\u00efed d\u2019afficher son affranchissement de tous ceux qui, pour des desseins \u00e9lectoraux, lui ont coll\u00e9 au portrait comme autant de cadeaux empoisonn\u00e9s. Empoisonn\u00e9s parce qu\u2019ils ont fini par lui rendre la vie p\u00e9nible, lui qui aurait tant aim\u00e9 rester agr\u00e9able \u00e0 l\u2019\u00e9gard de tout le monde.<\/p>\n<div class=\"code-block code-block-1 c3\"><ins class=\"adsbygoogle c2\" data-ad-layout=\"in-article\" data-ad-format=\"fluid\" data-ad-client=\"ca-pub-2102118777505746\" data-ad-slot=\"7301775417\"\/> <\/div>\n<p>Mais depuis que certains p\u00e9cheurs en eaux troubles se sont mis dans la t\u00eate de marcher sur ses platebandes, de prendre des positions concernant des dossiers qui sont de son seul ressort, ce qui revient \u00e0 dire qu\u2019ils parlaient en son nom et place, Ka\u00efs Sa\u00efed a commenc\u00e9 \u00e0 sentir l\u2019entourloupe, et il a fait savoir qu\u2019il n\u2019\u00e9tait pas homme \u00e0 se laisser faire, ni \u00e0 se laisser marcher sur les pieds.<\/p>\n<p>Il a commenc\u00e9 par expliquer gentiment qu\u2019il n\u2019\u00e9tait pas d\u2019accord avec ceux qui entendaient parler en son nom. Puis voyant que ces \u00ab intrus \u00bb ne voulaient pas le l\u00e2cher et qu\u2019il voulaient exploiter son nom, voire, m\u00eame, pour quelques uns, son image, comme fond de commerce politique, il a commenc\u00e9 \u00e0 afficher son opposition \u00e0 ces orientations qu\u2019on voulait insidieusement lui imposer.<\/p>\n<p>Mais ses tourmenteurs n\u2019avaient pas d\u2019autre choix que de continuer \u00e0 pousser dans le sens de lui faire adopter leur pens\u00e9e et leur orientation, puisqu\u2019il \u00e9tait le seul \u00e0 avoir le droit de s\u2019exprimer sur certains sujets qui leurs tenaient \u00e0 c\u0153ur, croyant, peut-\u00eatre qu\u2019il n\u2019\u00e9tait pas aussi dur que \u00e7\u00e0 \u00e0 manier. Ils ont, m\u00eame, d\u00e9cid\u00e9 de renforcer leur offensive dans l\u2019espoir de le forcer \u00e0 abdiquer et \u00e0 s\u2019aligner derri\u00e8re leurs d\u00e9sirs et leurs desseins. Mais il n\u2019a pas boug\u00e9. Pire encore, il a gard\u00e9 un mutisme qui les mettait mal \u00e0 l\u2019aise puisqu\u2019ils ne savaient, m\u00eame, pas ce qu\u2019il pensait de quoi que ce soit.<\/p>\n<p>Mais quand ils ont d\u00e9pass\u00e9 toutes les lignes rouges, en essayant de le forcer \u00e0 adopter des positions contraires aux int\u00e9r\u00eats du pays et des citoyens, et qui allaient dans le sens de ceux de leurs donneurs d\u2019ordres, il a d\u00e9cid\u00e9 de les secouer un bon coup.<\/p>\n<p>Et il a profit\u00e9 de sa visite, justement, \u00e0 Paris, pour afficher, non seulement, \u00e0 l\u2019opinion publique nationale, mais, devant la communaut\u00e9 internationale, toute enti\u00e8re, les positions dont il \u00e9tait convaincu, et qui n\u2019ont rien \u00e0 voir avec leur b\u00eatise et leur immaturit\u00e9 politique.<\/p>\n<p>C\u2019est ainsi que Sa\u00efed a, au cours de cette visite, tenu \u00e0 mettre les points sur les \u00ab\u00a0i\u00a0\u00bb. Dor\u00e9navant, c\u2019est clair. Et tout le monde sait ce qu\u2019il pense de la position \u00e0 adopter par rapport au dossier libyen, ainsi que de sa conception des relations de la Tunisie avec ses amis et alli\u00e9s historiques. De quoi clouer le bec \u00e0 ses \u00ab\u00a0amis\u00a0\u00bb qui n\u2019arrivent pas, 24 heures apr\u00e8s, \u00e0 dig\u00e9rer le coup, et qui n\u2019ont pas encore d\u00e9cid\u00e9 de la suite \u00e0 donner \u00e0 ce faux bond, qui leur a fait perdre la face par rapport \u00e0 leurs donneurs d\u2019ordres.<\/p>\n<p>Il y a fort \u00e0 parier qu\u2019\u00e0 son retour, le pr\u00e9sident de la R\u00e9publique va devoir faire face \u00e0 une grande campagne de la part de ses d\u00e9tracteurs, qui vont essayer de le discr\u00e9diter\u2026 Mais il est, en principe, difficile de discr\u00e9diter un homme qui jouit d\u2019un \u00e9lectorat et un pl\u00e9biscite aussi larges.<\/p>\n<div class=\"swp_social_panel swp_horizontal_panel swp_flat_fresh swp_default_full_color swp_individual_full_color swp_other_full_color scale-100 scale-\" data-min-width=\"1100\" data-float-color=\"#ffffff\" data-float=\"bottom\" data-float-mobile=\"bottom\" data-transition=\"slide\">\n<div class=\"nc_tweetContainer swp_share_button total_shares total_sharesalt\"><span class=\"swp_count\">1 <span class=\"swp_label\">Partages<\/span><\/span><\/div>\n<\/div>\n<p><strong>Que se passe-t-il en Tunisie?<\/strong><br \/>Nous expliquons sur notre <a href=\"https:\/\/www.youtube.com\/channel\/UCRzypVq0B_yBad5eGrwBx0Q?sub_confirmation=1\" target=\"_blank\" rel=\"noopener noreferrer\">cha\u00eene YouTube<\/a> . <a href=\"https:\/\/www.youtube.com\/channel\/UCRzypVq0B_yBad5eGrwBx0Q?sub_confirmation=1\" target=\"_blank\" rel=\"noopener noreferrer\">Abonnez-vous!<\/a><\/p>\n<div class=\"mvp-org-wrap mvp-org-logo\" itemprop=\"publisher\" itemscope=\"\" itemtype=\"https:\/\/schema.org\/Organization\"><img decoding=\"async\" src=\"https:\/\/www.tunisienumerique.com\/wp-content\/uploads\/2017\/02\/logo_tunisie_numerique.png\"\/><\/div>\n<div class=\"mvp-related-posts left relative\">\n<h4 class=\"post-header\"><span class=\"post-header\">Lire aussi<\/span><\/h4>\n<\/div>\n<div id=\"article-ad\"><ins class=\"adsbygoogle c4\" data-ad-client=\"ca-pub-2102118777505746\" data-ad-slot=\"6513972734\" data-ad-format=\"auto\" data-full-width-responsive=\"true\"\/> <\/div>\n<\/div>\n<div id=\"post-sidebar-wrap\"><ins class=\"adsbygoogle c4\" data-ad-client=\"ca-pub-2102118777505746\" data-ad-slot=\"6168283410\" data-ad-format=\"auto\" data-full-width-responsive=\"true\"\/> <\/div>\n<p>Auteur: Ramsis<br \/>\n<a href=\"https:\/\/www.tunisienumerique.com\/tunisie-il-y-aura-lavant-et-lapres-visite-de-saied-en-france\/\">Cliquez ici pour lire l&rsquo;article depuis sa source.<\/a><\/p>\n","protected":false},"excerpt":{"rendered":"<p>La visite de travail du pr\u00e9sident de la R\u00e9publique, Ka\u00efs Sa\u00efed, en France aura marqu\u00e9, en ce mois de juin 2020, un tournant dans le paysage politique tunisien. Une visite apr\u00e8s laquelle plus rien ne sera comme avant. Une visite qui aura permis \u00e0 Ka\u00efs Sa\u00efed d\u2019afficher son affranchissement de tous ceux qui, pour des [&hellip;]<\/p>\n","protected":false},"author":1789,"featured_media":89921,"comment_status":"closed","ping_status":"closed","sticky":false,"template":"","format":"standard","meta":{"fifu_image_url":"","fifu_image_alt":"","footnotes":""},"categories":[73,55],"tags":[],"class_list":["post-89920","post","type-post","status-publish","format-standard","has-post-thumbnail","hentry","category-actualite","category-tunisie"],"_links":{"self":[{"href":"https:\/\/linitiative.ca\/International\/wp-json\/wp\/v2\/posts\/89920","targetHints":{"allow":["GET"]}}],"collection":[{"href":"https:\/\/linitiative.ca\/International\/wp-json\/wp\/v2\/posts"}],"about":[{"href":"https:\/\/linitiative.ca\/International\/wp-json\/wp\/v2\/types\/post"}],"author":[{"embeddable":true,"href":"https:\/\/linitiative.ca\/International\/wp-json\/wp\/v2\/users\/1789"}],"replies":[{"embeddable":true,"href":"https:\/\/linitiative.ca\/International\/wp-json\/wp\/v2\/comments?post=89920"}],"version-history":[{"count":0,"href":"https:\/\/linitiative.ca\/International\/wp-json\/wp\/v2\/posts\/89920\/revisions"}],"wp:featuredmedia":[{"embeddable":true,"href":"https:\/\/linitiative.ca\/International\/wp-json\/"}],"wp:attachment":[{"href":"https:\/\/linitiative.ca\/International\/wp-json\/wp\/v2\/media?parent=89920"}],"wp:term":[{"taxonomy":"category","embeddable":true,"href":"https:\/\/linitiative.ca\/International\/wp-json\/wp\/v2\/categories?post=89920"},{"taxonomy":"post_tag","embeddable":true,"href":"https:\/\/linitiative.ca\/International\/wp-json\/wp\/v2\/tags?post=89920"}],"curies":[{"name":"wp","href":"https:\/\/api.w.org\/{rel}","templated":true}]}}