{"id":89924,"date":"2020-06-23T15:46:40","date_gmt":"2020-06-23T19:46:40","guid":{"rendered":"https:\/\/linitiative.ca\/International\/crise-libyenne\/"},"modified":"2020-06-23T15:46:40","modified_gmt":"2020-06-23T19:46:40","slug":"crise-libyenne","status":"publish","type":"post","link":"https:\/\/linitiative.ca\/International\/crise-libyenne\/","title":{"rendered":"CRISE LIBYENNE"},"content":{"rendered":"<div class=\"stream-item stream-item-above-post-content\">\n<p><noscript><\/p>\n<p><a href=\"\/\/www3.smartadserver.com\/ac?jump=1&amp;nwid=2136&amp;siteid=240610&amp;pgname=rg&amp;fmtid=49046&amp;visit=m&amp;tmstp=[timestamp]&amp;out=nonrich\" target=\"_blank\" rel=\"noopener noreferrer\"><img decoding=\"async\" src=\"http:\/\/www3.smartadserver.com\/ac?out=nonrich&amp;nwid=2136&amp;siteid=240610&amp;pgname=rg&amp;fmtid=49046&amp;visit=m&amp;tmstp=[timestamp]\" border=\"0\" alt=\"\"\/><\/a><\/p>\n<p><\/noscript><\/div>\n<p class=\"c3\"><em>Alors que sur le th\u00e9\u00e2tre des op\u00e9rations militaires, les troupes du Gouvernement d\u2019union nationale (GNA), apr\u00e8s avoir engrang\u00e9 d\u2019importantes victoires avec l\u2019appui de la Turquie, peinent \u00e0 faire sauter le verrou strat\u00e9gique de la ville de Syrte qu\u2019elles veulent reprendre aux hommes du mar\u00e9chal Khalifa Haftar, la communaut\u00e9 internationale recommence \u00e0 donner de la voix. En effet, le pr\u00e9sident \u00e9gyptien, le g\u00e9n\u00e9ral Abdel Fattah al-Sissi, menace d\u2019intervenir directement dans le conflit si la ligne rouge de Syrte est franchie par les hommes du Premier ministre Fayez el-Sarraj pendant que c\u2019est \u00e0 une v\u00e9ritable passe d\u2019armes que l\u2019on assiste entre le pr\u00e9sident fran\u00e7ais, Emmanuel Macron, et le pr\u00e9sident turc, Recep Tayyip Erdogan qui s\u2019accusent mutuellement de soutenir l\u2019un ou l\u2019autre camp en violation de l\u2019embargo des Nations unies sur les armes en Libye. C\u2019est dans ce contexte tr\u00e8s tendu que les Am\u00e9ricains, contre toute attente, apr\u00e8s avoir, un temps, ferm\u00e9 les yeux sur l\u2019intervention turque, font volteface en appelant au d\u00e9part des troupes \u00e9trang\u00e8res du pays et \u00e0 une r\u00e9solution pacifique de la crise.<\/em><\/p>\n<p class=\"c3\"><strong><em>On avait promis \u00e0 la Libye la d\u00e9mocratie et on ne lui sert finalement que des larmes et du sang<\/em><\/strong><\/p>\n<p class=\"c3\"><em>Le constat que l\u2019on peut \u00e9tablir suite \u00e0 ces r\u00e9cents d\u00e9veloppements de cette crise qui ne finit pas de faire parler d\u2019elle, est que la Libye est aujourd\u2019hui l\u2019otage des int\u00e9r\u00eats des puissances \u00e9trang\u00e8res qui, comme la souris, mordent et soufflent ensuite sur la plaie. Tant que perdurera cette hypocrisie des Occidentaux qui n\u2019ont d\u2019yeux que pour les r\u00e9serves p\u00e9trolif\u00e8res et gazifi\u00e8res et le march\u00e9 d\u2019armes \u00e0 ciel ouvert qu\u2019est devenu le pays de Mouammar Kadhafi, les populations libyennes ne conna\u00eetront jamais la paix. En effet, au regard de la situation actuelle, aucun des deux camps ne peut l\u2019emporter militairement et l\u2019enlisement du conflit ne fait que prolonger les souffrances du peuple libyen qui se retrouve \u00eatre le dindon de la farce. On lui avait promis la d\u00e9mocratie et on ne lui sert finalement que des larmes et du sang. Le brasier libyen continuera aussi \u00e0 consumer les pays de la bande sah\u00e9lo-saharienne dont la stabilit\u00e9 et la s\u00e9curit\u00e9 sont mises \u00e0 rude \u00e9preuve par les groupes arm\u00e9s de tout acabit.\u00a0<\/em> <em>Dans cette foire d\u2019empoigne, la seule voix de la conscience humaine qui se fait entendre est celle de la Cour p\u00e9nale internationale (CPI) dont la procureure, Fatou Bensouda, menace de poursuites, les auteurs d\u2019actes de tortures et autres exactions suite \u00e0 la r\u00e9cente d\u00e9couverte de charniers \u00e0 Tarhouna, dans l\u2019Ouest du pays. En attendant des actes concrets, l\u2019on peut d\u00e9j\u00e0 se f\u00e9liciter de ce coup de semonce de la Justice internationale qui devrait freiner les ardeurs criminelles des acteurs de cette guerre. Ils savent d\u00e9sormais qu\u2019ils ne peuvent pas se permettre toutes les atrocit\u00e9s \u00e0 l\u2019ombre de la guerre et que t\u00f4t ou tard, ils devront r\u00e9pondre de leurs actes. Il reste \u00e0 savoir s\u2019il n\u2019est pas trop tard et si le pire n\u2019est pas d\u00e9j\u00e0 fait.<\/em> <em>Cela dit, l\u2019on peut regretter que dans cette cacophonie des voix qui s\u2019entrem\u00ealent, celle de l\u2019Afrique soit inaudible. Apr\u00e8s les populations libyennes, l\u2019Afrique subsaharienne, en l\u2019occurrence l\u2019Afrique de l\u2019Ouest, est celle qui paie le plus lourd tribut \u00e0 cette guerre.<\/em><\/p>\n<p class=\"c3\"><strong><em>Ce sont les groupes islamistes, les lobbys d\u2019armes et les pilleurs des ressources mini\u00e8res de la Libye qui se frottent les mains<\/em><\/strong><\/p>\n<p class=\"c3\"><em>En plus des \u00e9normes pertes en vies humaines du fait des exactions des groupes arm\u00e9s, ce sont d\u2019immenses ressources financi\u00e8res qui sont englouties dans la lutte contre l\u2019ins\u00e9curit\u00e9, hypoth\u00e9quant ainsi tous les efforts de d\u00e9veloppement. Il n\u2019est donc pas compr\u00e9hensible que l\u2019Afrique au Sud du Sahara, n\u2019ait pas son mot \u00e0 dire en ce moment crucial de la crise, o\u00f9 toutes les parties prenantes au conflit tentent de se faire entendre au nom de leurs int\u00e9r\u00eats respectifs.\u00a0<\/em> <em>Ceci \u00e9tant, on peut se demander si la solution \u00e0 la crise en Libye peut venir des puissances \u00e9trang\u00e8res dont la position n\u2019a cess\u00e9 de varier au gr\u00e9 de leurs int\u00e9r\u00eats. On est tent\u00e9 de r\u00e9pondre \u00e0 cette interrogation par la n\u00e9gative. Pour preuve, l\u2019implication \u00e9trang\u00e8re ne s\u2019est jusque-l\u00e0 sold\u00e9e que par l\u2019enlisement du conflit. Il est donc temps que les Libyens eux-m\u00eames comprennent qu\u2019ils ne sont que les marionnettes des puissances \u00e9trang\u00e8res et qu\u2019ils acceptent, dans un \u00e9lan de patriotisme et de fraternit\u00e9, de s\u2019asseoir sous l\u2019arbre \u00e0 palabres africain pour chercher ensemble la solution \u00e0 leur probl\u00e8me. Jusque-l\u00e0, ils ont mis l\u2019accent sur ce qui les divise. Il est temps \u00e0 pr\u00e9sent de faire autant pour ce qui les unit. Il est fort \u00e0 parier que de leur synergie d\u2019actions, sortira une solution endog\u00e8ne qui permettra de tourner la page de cette longue crise qui a fait de leur pays un \u00ab no man\u2019s land \u00bb o\u00f9 des pratiques abjectes se d\u00e9roulent. Et si v\u00e9ritablement, les puissances \u00e9trang\u00e8res qui crient leur attachement \u00e0 la paix, veulent du bien de la Libye, elles utiliseront les immenses moyens qu\u2019elles injectent dans le soutien aux bellig\u00e9rants, pour cr\u00e9er une force d\u2019interposition afin d\u2019\u00e9viter un massacre \u00e0 grande \u00e9chelle. Mais l\u2019on peut continuer \u00e0 r\u00eaver car demain ne semble pas la veille de ce jour qui verra se lever sur la Tripolitaine, le soleil qui dissipera les nuages de la discordance. En attendant, ce sont les groupes islamistes, les lobbys d\u2019armes et les pilleurs des ressources mini\u00e8res de la Libye qui se frottent les mains.<\/em><\/p>\n<p><strong><em>\u00ab\u00a0Le Pays\u00a0\u00bb<\/em><\/strong><\/p>\n<p>Auteur: Le Pays<br \/>\n<a href=\"http:\/\/lepays.bf\/crise-libyenne-5\/\">Cliquez ici pour lire l&rsquo;article depuis sa source.<\/a><\/p>\n","protected":false},"excerpt":{"rendered":"<p>Alors que sur le th\u00e9\u00e2tre des op\u00e9rations militaires, les troupes du Gouvernement d\u2019union nationale (GNA), apr\u00e8s avoir engrang\u00e9 d\u2019importantes victoires avec l\u2019appui de la Turquie, peinent \u00e0 faire sauter le verrou strat\u00e9gique de la ville de Syrte qu\u2019elles veulent reprendre aux hommes du mar\u00e9chal Khalifa Haftar, la communaut\u00e9 internationale recommence \u00e0 donner de la voix. [&hellip;]<\/p>\n","protected":false},"author":1813,"featured_media":0,"comment_status":"closed","ping_status":"closed","sticky":false,"template":"","format":"standard","meta":{"fifu_image_url":"","fifu_image_alt":"","footnotes":""},"categories":[73,81],"tags":[],"class_list":["post-89924","post","type-post","status-publish","format-standard","hentry","category-actualite","category-burkina-faso"],"_links":{"self":[{"href":"https:\/\/linitiative.ca\/International\/wp-json\/wp\/v2\/posts\/89924","targetHints":{"allow":["GET"]}}],"collection":[{"href":"https:\/\/linitiative.ca\/International\/wp-json\/wp\/v2\/posts"}],"about":[{"href":"https:\/\/linitiative.ca\/International\/wp-json\/wp\/v2\/types\/post"}],"author":[{"embeddable":true,"href":"https:\/\/linitiative.ca\/International\/wp-json\/wp\/v2\/users\/1813"}],"replies":[{"embeddable":true,"href":"https:\/\/linitiative.ca\/International\/wp-json\/wp\/v2\/comments?post=89924"}],"version-history":[{"count":0,"href":"https:\/\/linitiative.ca\/International\/wp-json\/wp\/v2\/posts\/89924\/revisions"}],"wp:attachment":[{"href":"https:\/\/linitiative.ca\/International\/wp-json\/wp\/v2\/media?parent=89924"}],"wp:term":[{"taxonomy":"category","embeddable":true,"href":"https:\/\/linitiative.ca\/International\/wp-json\/wp\/v2\/categories?post=89924"},{"taxonomy":"post_tag","embeddable":true,"href":"https:\/\/linitiative.ca\/International\/wp-json\/wp\/v2\/tags?post=89924"}],"curies":[{"name":"wp","href":"https:\/\/api.w.org\/{rel}","templated":true}]}}