{"id":89925,"date":"2020-06-23T15:49:57","date_gmt":"2020-06-23T19:49:57","guid":{"rendered":"https:\/\/linitiative.ca\/International\/demande-dun-proces-en-appel-contre-laurent-gbagbo-et-ble-goude\/"},"modified":"2020-06-23T15:49:57","modified_gmt":"2020-06-23T19:49:57","slug":"demande-dun-proces-en-appel-contre-laurent-gbagbo-et-ble-goude","status":"publish","type":"post","link":"https:\/\/linitiative.ca\/International\/demande-dun-proces-en-appel-contre-laurent-gbagbo-et-ble-goude\/","title":{"rendered":"DEMANDE D\u2019UN PROCES EN APPEL CONTRE LAURENT GBAGBO ET BLE GOUDE"},"content":{"rendered":"<div class=\"stream-item stream-item-above-post-content\">\n<p><noscript><\/p>\n<p><a href=\"\/\/www3.smartadserver.com\/ac?jump=1&amp;nwid=2136&amp;siteid=240610&amp;pgname=rg&amp;fmtid=49046&amp;visit=m&amp;tmstp=[timestamp]&amp;out=nonrich\" target=\"_blank\" rel=\"noopener noreferrer\"><img decoding=\"async\" src=\"http:\/\/www3.smartadserver.com\/ac?out=nonrich&amp;nwid=2136&amp;siteid=240610&amp;pgname=rg&amp;fmtid=49046&amp;visit=m&amp;tmstp=[timestamp]\" border=\"0\" alt=\"\"\/><\/a><\/p>\n<p><\/noscript><\/div>\n<p class=\"c3\"><em>Trois jours. C\u2019est le temps dont dispose, depuis le 22 juin 2020, la procureure de la Cour p\u00e9nale internationale (CPI) pour convaincre la Chambre d\u2019appel de ladite Cour de la pertinence de son appel contre l\u2019acquittement prononc\u00e9 fin janvier 2019, en faveur de l\u2019ancien pr\u00e9sident ivoirien, Laurent Gbagbo et de son ministre de la Jeunesse, Charles Bl\u00e9 Goud\u00e9, poursuivis pour crimes de guerre et crimes contre l\u2019humanit\u00e9 devant la juridiction p\u00e9nale internationale. Sera-t-elle suivie dans sa demande d\u2019un proc\u00e8s en appel, ou bien va-t-on vers une lib\u00e9ration totale de ces deux acteurs majeurs de la crise post\u00e9lectorale de 2010-2011 en C\u00f4te d\u2019Ivoire, et ex-d\u00e9tenus de Scheveningen dont les mesures restrictives de libert\u00e9 ont \u00e9t\u00e9 fortement all\u00e9g\u00e9es fin mai dernier\u00a0? On attend de voir. Le moins que l\u2019on puisse dire, c\u2019est que Fatou Bensouda ne l\u00e2che pas prise. Mais on ne saurait lui en tenir rigueur car elle est dans son r\u00f4le.<\/em><\/p>\n<p class=\"c3\"><strong><em>Fatou Bensouda ne semble plus avoir une grande marge de man\u0153uvre dans la conduite de ce dossier<\/em><\/strong><\/p>\n<p class=\"c3\"><em>Et l\u2019on peut m\u00eame comprendre qu\u2019elle cherche \u00e0 utiliser tous les moyens de recours possibles pour prouver la culpabilit\u00e9 des pr\u00e9venus, au risque de para\u00eetre, pour certains, pour quelqu\u2019un qui roule pour le camp de leurs adversaires. Mais dans ce feuilleton judiciaire qui tient en haleine la C\u00f4te d\u2019Ivoire depuis plusieurs ann\u00e9es maintenant et qui a vu le vent tourner progressivement en faveur des pr\u00e9venus au point que les signaux de la mise en libert\u00e9 totale leur semblent \u00e0 pr\u00e9sent favorables, Fatou Bensouda n\u2019est pas loin de jouer son va-tout. Et cela, au propre comme au figur\u00e9. Car, \u00e0 moins d\u2019un an de la fin de son mandat \u00e0 la t\u00eate de l\u2019instance judiciaire internationale, elle ne semble plus avoir une grande marge de man\u0153uvre dans la conduite de ce dossier judiciaire qui n\u2019est pas loin d\u2019\u00eatre un baroud d\u2019honneur pour elle. Et si elle r\u00e9ussit \u00e0 relancer le dossier, au-del\u00e0 de la satisfaction du devoir accompli qu\u2019elle pourrait personnellement en tirer, cela permettra aussi aux familles des victimes qui n\u2019attendent rien d\u2019autre de ce dossier que la v\u00e9rit\u00e9, d\u2019entretenir l\u2019espoir que justice leur soit un jour rendue. Mais si elle \u00e9choue \u00e0 convaincre la Chambre d\u2019appel de la CPI de la n\u00e9cessit\u00e9 de rejuger l\u2019affaire, non seulement elle perdrait la face dans cette affaire qui aura connu un fort engagement de sa part, mais aussi c\u2019en serait fini, devant cette Cour, de l\u2019affaire Laurent Gbagbo et Bl\u00e9 Goud\u00e9. Une d\u00e9cision qui contribuerait \u00e0 rendre encore plus inextricable l\u2019\u00e9quation des responsabilit\u00e9s dans les 3000 morts de cette crise sociopolitique et doucherait du m\u00eame coup les espoirs des familles des victimes qui attendent aussi r\u00e9paration.\u00a0<\/em> <em>Cela dit, cette demande d\u2019un proc\u00e8s en appel contre leur acquittement, est une grande \u00e9preuve pour Laurent Gbagbo et Charles Bl\u00e9 Goud\u00e9. En effet, au moment o\u00f9 le bout du tunnel dans ce long feuilleton judiciaire \u00e0 la CPI, semble pointer \u00e0 l\u2019horizon, ces derniers pourraient voir des tuiles judiciaires leur retomber sur la t\u00eate si le proc\u00e8s devait \u00eatre repris pour vice de forme.<\/em><\/p>\n<p class=\"c3\"><strong><em>Ce proc\u00e8s Gbagbo \u00e0 la CPI, si l\u2019on n\u2019y prend garde, ne servira pas la cause de la r\u00e9conciliation en C\u00f4te d\u2019Ivoire<\/em><\/strong><\/p>\n<p class=\"c3\"><em>Dans ces conditions, Dieu seul sait combien de temps durera encore leur calvaire et quand est-ce qu\u2019ils finiront de porter leur croix pour esp\u00e9rer regagner leur ch\u00e8re C\u00f4te d\u2019Ivoire natale dont ils br\u00fblent visiblement d\u2019envie de fouler \u00e0 nouveau le sol. En tout \u00e9tat de cause, m\u00eame en cas de validation de leur acquittement \u00e0 la CPI, la pr\u00e9sidentielle d\u2019octobre prochain ne semble pas pouvoir \u00eatre un objectif pour le Christ de Mama et son \u00ab\u00a0g\u00e9n\u00e9ral de la rue\u00a0\u00bb. D\u2019autant qu\u2019ils sont, tous les deux, sous le coup de la Justice ivoirienne qui a d\u00e9j\u00e0 prononc\u00e9 des condamnations de 20 ans d\u2019emprisonnement \u00e0 leur encontre, dans des affaires diff\u00e9rentes. Au-del\u00e0, la question que l\u2019on pourrait se poser est de savoir si dans cette affaire, l\u2019on conna\u00eetra jamais la v\u00e9rit\u00e9. En tout cas, tout porte \u00e0 croire que quel que soit le verdict final, des gens trouveront toujours \u00e0 redire. Car, si une \u00e9ventuelle confirmation de l\u2019acquittement du Woody et son acolyte sera c\u00e9l\u00e9br\u00e9e par leurs partisans, c\u2019est peu de dire qu\u2019il y aura des grincements de dents dans le camp de leurs contempteurs. De m\u00eame, si les pr\u00e9venus devaient voir leur proc\u00e8s et leur calvaire se prolonger, cela pourrait \u00eatre vu comme un d\u00e9but de justice par leurs adversaires et d\u00e9nonc\u00e9 comme un acharnement par leurs partisans. C\u2019est dire si ce proc\u00e8s Gbagbo \u00e0 la CPI, si l\u2019on n\u2019y prend garde, ne servira pas la cause de la r\u00e9conciliation en C\u00f4te d\u2019Ivoire. Bien au contraire. Apr\u00e8s pr\u00e8s de dix ans, on peut avoir l\u2019impression que les lignes n\u2019ont pas v\u00e9ritablement boug\u00e9 dans le bon sens. Et c\u2019est bien dommage\u00a0!<\/em><\/p>\n<p class=\"c3\"><strong><em>\u00ab\u00a0Le Pays\u00a0\u00bb<\/em><\/strong><\/p>\n<p>Auteur: Le Pays<br \/>\n<a href=\"http:\/\/lepays.bf\/demande-dun-proces-en-appel-contre-laurent-gbagbo-et-ble-goude-2\/\">Cliquez ici pour lire l&rsquo;article depuis sa source.<\/a><\/p>\n","protected":false},"excerpt":{"rendered":"<p>Trois jours. C\u2019est le temps dont dispose, depuis le 22 juin 2020, la procureure de la Cour p\u00e9nale internationale (CPI) pour convaincre la Chambre d\u2019appel de ladite Cour de la pertinence de son appel contre l\u2019acquittement prononc\u00e9 fin janvier 2019, en faveur de l\u2019ancien pr\u00e9sident ivoirien, Laurent Gbagbo et de son ministre de la Jeunesse, [&hellip;]<\/p>\n","protected":false},"author":1813,"featured_media":0,"comment_status":"closed","ping_status":"closed","sticky":false,"template":"","format":"standard","meta":{"fifu_image_url":"","fifu_image_alt":"","footnotes":""},"categories":[73,81],"tags":[],"class_list":["post-89925","post","type-post","status-publish","format-standard","hentry","category-actualite","category-burkina-faso"],"_links":{"self":[{"href":"https:\/\/linitiative.ca\/International\/wp-json\/wp\/v2\/posts\/89925","targetHints":{"allow":["GET"]}}],"collection":[{"href":"https:\/\/linitiative.ca\/International\/wp-json\/wp\/v2\/posts"}],"about":[{"href":"https:\/\/linitiative.ca\/International\/wp-json\/wp\/v2\/types\/post"}],"author":[{"embeddable":true,"href":"https:\/\/linitiative.ca\/International\/wp-json\/wp\/v2\/users\/1813"}],"replies":[{"embeddable":true,"href":"https:\/\/linitiative.ca\/International\/wp-json\/wp\/v2\/comments?post=89925"}],"version-history":[{"count":0,"href":"https:\/\/linitiative.ca\/International\/wp-json\/wp\/v2\/posts\/89925\/revisions"}],"wp:attachment":[{"href":"https:\/\/linitiative.ca\/International\/wp-json\/wp\/v2\/media?parent=89925"}],"wp:term":[{"taxonomy":"category","embeddable":true,"href":"https:\/\/linitiative.ca\/International\/wp-json\/wp\/v2\/categories?post=89925"},{"taxonomy":"post_tag","embeddable":true,"href":"https:\/\/linitiative.ca\/International\/wp-json\/wp\/v2\/tags?post=89925"}],"curies":[{"name":"wp","href":"https:\/\/api.w.org\/{rel}","templated":true}]}}