{"id":89926,"date":"2020-06-23T15:52:22","date_gmt":"2020-06-23T19:52:22","guid":{"rendered":"https:\/\/linitiative.ca\/International\/suspension-du-soudan-du-sud-de-lua-pour-non-paiement-de-ses-cotisations\/"},"modified":"2020-06-23T15:52:22","modified_gmt":"2020-06-23T19:52:22","slug":"suspension-du-soudan-du-sud-de-lua-pour-non-paiement-de-ses-cotisations","status":"publish","type":"post","link":"https:\/\/linitiative.ca\/International\/suspension-du-soudan-du-sud-de-lua-pour-non-paiement-de-ses-cotisations\/","title":{"rendered":"SUSPENSION DU SOUDAN DU SUD DE L\u2019UA POUR NON-PAIEMENT DE SES COTISATIONS"},"content":{"rendered":"<div class=\"stream-item stream-item-above-post-content\">\n<p><noscript><\/p>\n<p><a href=\"\/\/www3.smartadserver.com\/ac?jump=1&amp;nwid=2136&amp;siteid=240610&amp;pgname=rg&amp;fmtid=49046&amp;visit=m&amp;tmstp=[timestamp]&amp;out=nonrich\" target=\"_blank\" rel=\"noopener noreferrer\"><img decoding=\"async\" src=\"http:\/\/www3.smartadserver.com\/ac?out=nonrich&amp;nwid=2136&amp;siteid=240610&amp;pgname=rg&amp;fmtid=49046&amp;visit=m&amp;tmstp=[timestamp]\" border=\"0\" alt=\"\"\/><\/a><\/p>\n<p><\/noscript><\/div>\n<p class=\"c3\"><em>Le Soudan du Sud a \u00e9t\u00e9 suspendu des instances de l\u2019Union africaine (UA). Rassurez-vous\u00a0? Cette sanction ne fait pas suite \u00e0 un coup d\u2019Etat, comme c\u2019est g\u00e9n\u00e9ralement le cas. Cette fois-ci, il s\u2019agit de tout autre chose. Juba a \u00e9t\u00e9 suspendue pour avoir accumul\u00e9 plus de neuf millions de dollars d\u2019arri\u00e9r\u00e9s de paiements sur trois ans. Tant et si bien que ses repr\u00e9sentants bas\u00e9s au si\u00e8ge de l\u2019institution continentale, se sont fait \u00e9conduire, tels des malpropres, lors d\u2019une r\u00e9union par le pr\u00e9sident de s\u00e9ance. Si la honte pouvait tuer\u2026 En effet, ce n\u2019est pas la premi\u00e8re fois que le Soudan du Sud se montre mauvais payeur. Loin de l\u00e0\u00a0! On se rappelle qu\u2019en octobre dernier, la Communaut\u00e9 est-africaine avait menac\u00e9 de le suspendre \u00e0 cause d\u2019une dette fr\u00f4lant les 30 millions de dollars. Il aura fallu deux mois plus tard pour que le gouvernement sud-soudanais daign\u00e2t s\u2019ex\u00e9cuter en urgence en remboursant trois millions, soit le 1\/10\u00b0 du montant global d\u00fb. Alors, pourquoi\u00a0? Chacun y va de ses analyses. Car, pendant que certains parlent de corruption et de mauvaise gouvernance, d\u2019autres y voient les effets induits de la guerre et de la baisse des produits p\u00e9troliers.<\/em><\/p>\n<p class=\"c3\"><strong><em>Il y a des pays africains mieux lotis qui ne sont pas \u00e0 jour de leurs cotisations<\/em><\/strong><\/p>\n<p class=\"c3\"><em>L\u2019un dans l\u2019autre, le Soudan du Sud n\u2019est pas excusable. Car, voil\u00e0 un pays qui, il est vrai, est n\u00e9 dans la douleur et qui, \u00e0 peine avait-il d\u00e9j\u00e0 \u00e9tabli toutes ses armoiries, a d\u00fb faire face \u00e0 une guerre fratricide sans pr\u00e9c\u00e9dent et cela, du fait des ego surdimensionn\u00e9s de ses leaders politiques que sont Salva Kiir et Riek Machar. Voil\u00e0 un pays qui regorge de ressources naturelles importantes mais qui, du fait des errements de ses dirigeants, fait face \u00e0 une grave crise humanitaire.\u00a0<\/em> <em>Qu\u2019un tel pays donc s\u2019offre honteusement en spectacle \u00e0 travers le monde, n\u2019a rien de surprenant. Mais quand bien m\u00eame le Soudan du Sud n\u2019est pas pardonnable, il peut, au regard de ce qui pr\u00e9c\u00e8de, b\u00e9n\u00e9ficier de circonstances att\u00e9nuantes. D\u2019autant que le non-paiement des cotisations, n\u2019est pas propre au Soudan du Sud. Il y a des pays africains mieux lotis qui ne sont pas \u00e0 jour de leurs cotisations au sein des instances et organisations dont ils sont membres \u00e0 travers le continent. Hormis quelques-uns, la plupart d\u2019entre eux cumulent des arri\u00e9r\u00e9s. La raison, il faudra aller la rechercher aupr\u00e8s des dirigeants du continent dont certains pr\u00e9f\u00e8rent se b\u00e2tir des ch\u00e2teaux \u00e0 Londres ou ailleurs, que de se pr\u00e9occuper de l\u2019image de leur pays.<\/em><\/p>\n<p class=\"c3\"><strong><em>B.O<\/em><\/strong><\/p>\n<p>Auteur: Le Pays<br \/>\n<a href=\"http:\/\/lepays.bf\/suspension-du-soudan-du-sud-de-lua-pour-non-paiement-de-ses-cotisations\/\">Cliquez ici pour lire l&rsquo;article depuis sa source.<\/a><\/p>\n","protected":false},"excerpt":{"rendered":"<p>Le Soudan du Sud a \u00e9t\u00e9 suspendu des instances de l\u2019Union africaine (UA). Rassurez-vous\u00a0? Cette sanction ne fait pas suite \u00e0 un coup d\u2019Etat, comme c\u2019est g\u00e9n\u00e9ralement le cas. Cette fois-ci, il s\u2019agit de tout autre chose. Juba a \u00e9t\u00e9 suspendue pour avoir accumul\u00e9 plus de neuf millions de dollars d\u2019arri\u00e9r\u00e9s de paiements sur trois [&hellip;]<\/p>\n","protected":false},"author":1813,"featured_media":0,"comment_status":"closed","ping_status":"closed","sticky":false,"template":"","format":"standard","meta":{"fifu_image_url":"","fifu_image_alt":"","footnotes":""},"categories":[73,81],"tags":[],"class_list":["post-89926","post","type-post","status-publish","format-standard","hentry","category-actualite","category-burkina-faso"],"_links":{"self":[{"href":"https:\/\/linitiative.ca\/International\/wp-json\/wp\/v2\/posts\/89926","targetHints":{"allow":["GET"]}}],"collection":[{"href":"https:\/\/linitiative.ca\/International\/wp-json\/wp\/v2\/posts"}],"about":[{"href":"https:\/\/linitiative.ca\/International\/wp-json\/wp\/v2\/types\/post"}],"author":[{"embeddable":true,"href":"https:\/\/linitiative.ca\/International\/wp-json\/wp\/v2\/users\/1813"}],"replies":[{"embeddable":true,"href":"https:\/\/linitiative.ca\/International\/wp-json\/wp\/v2\/comments?post=89926"}],"version-history":[{"count":0,"href":"https:\/\/linitiative.ca\/International\/wp-json\/wp\/v2\/posts\/89926\/revisions"}],"wp:attachment":[{"href":"https:\/\/linitiative.ca\/International\/wp-json\/wp\/v2\/media?parent=89926"}],"wp:term":[{"taxonomy":"category","embeddable":true,"href":"https:\/\/linitiative.ca\/International\/wp-json\/wp\/v2\/categories?post=89926"},{"taxonomy":"post_tag","embeddable":true,"href":"https:\/\/linitiative.ca\/International\/wp-json\/wp\/v2\/tags?post=89926"}],"curies":[{"name":"wp","href":"https:\/\/api.w.org\/{rel}","templated":true}]}}