{"id":89936,"date":"2020-06-23T15:18:12","date_gmt":"2020-06-23T19:18:12","guid":{"rendered":"https:\/\/linitiative.ca\/International\/cote-divoire-prorogation-de-loperation-de-recensement-electoral-jusquau-30-juin-2020\/"},"modified":"2020-06-23T15:18:12","modified_gmt":"2020-06-23T19:18:12","slug":"cote-divoire-prorogation-de-loperation-de-recensement-electoral-jusquau-30-juin-2020","status":"publish","type":"post","link":"https:\/\/linitiative.ca\/International\/cote-divoire-prorogation-de-loperation-de-recensement-electoral-jusquau-30-juin-2020\/","title":{"rendered":"C\u00f4te d\u2019Ivoire: prorogation de l\u2019op\u00e9ration de recensement \u00e9lectoral jusqu\u2019au 30 juin 2020"},"content":{"rendered":"<div readability=\"32\">\n<p>Publi\u00e9 le 23.06.2020 \u00e0 20h18 par APA News<\/p>\n<\/div>\n<div readability=\"69\">\n<p>La Commission \u00e9lectorale ivoirienne (CEI), l\u2019institution charg\u00e9e d\u2019organiser les \u00e9lections en C\u00f4te d\u2019Ivoire, a annonc\u00e9 mardi \u00e0 Abidjan, la prorogation de l\u2019op\u00e9ration de recensement \u00e9lectoral jusqu\u2019au 30 juin prochain.Cette op\u00e9ration a d\u00e9but\u00e9 le 10 juin dernier et devrait s\u2019achever le 24 juin prochain. \u00ab ( \u2026) Afin de faire droit \u00e0 cette requ\u00eate l\u00e9gitime des acteurs du processus \u00e9lectoral, la Commission centrale de notre institution a propos\u00e9 ce jour au gouvernement la prorogation de l\u2019op\u00e9ration de recensements \u00e9lectoral. Notre int\u00e9r\u00eat est de conforter l\u2019inclusivit\u00e9 autour du processus. C\u2019est pourquoi, nous proposons la prolongation du recensement \u00e9lectoral jusqu\u2019au 30 juin 2020\u00bb, a dit Emile Ebrotti\u00e9, le porte-parole de la CEI dans un point-presse.\u00a0<\/p>\n<p>\u00a0Selon lui, cette prorogation du recensement \u00e9lectoral vise \u00e9galement \u00e0 donner l\u2019opportunit\u00e9 \u00e0 un grand nombre de requ\u00e9rants potentiels de s\u2019inscrire sur la liste \u00e9lectorale. \u00ab Toutefois, la CEI est tenue au respect des dispositions l\u00e9gales. Elle ne peut donc pas proroger ind\u00e9finiment le recensement \u00e9lectoral car elle est contrainte d\u2019organiser le scrutin pr\u00e9sidentiel le 31 octobre 2020\u00bb, a pr\u00e9venu M. Ebrotti\u00e9.\u00a0<\/p>\n<p>Auparavant, il a salu\u00e9 le \u00ab consensus citoyen\u00bb qui s\u2019est cr\u00e9\u00e9 autour de cette op\u00e9ration \u00e0 travers les appels lanc\u00e9s par les partis politiques \u00e0 leurs militants. \u00ab Au regard des statistiques partielles \u00e0 notre disposition les tendances sont encourageantes. La CEI r\u00e9it\u00e8re son appel en vous invitant \u00e0 venir nombreux vous faire enr\u00f4ler. Nos \u00e9quipes de recensement ont \u00e9t\u00e9 renforc\u00e9es\u00bb, a exhort\u00e9 le porte-parole de l\u2019institution \u00e9lectorale ivoirienne.\u00a0<\/p>\n<p>Vendredi dernier, le Parti d\u00e9mocratique de C\u00f4te d\u2019Ivoire ( PDCI, ex-alli\u00e9 au pouvoir) a demand\u00e9 la prorogation d\u2019au moins deux semaines de la date de cl\u00f4ture de l\u2019op\u00e9ration de r\u00e9vision de la liste \u00e9lectorale \u00a0estimant que cela permettra l\u2019enr\u00f4lement de plus de personnes sur le fichier \u00e9lectoral.\u00a0<\/p>\n<p>L\u2019op\u00e9ration de r\u00e9vision de la liste \u00e9lectorale ivoirienne pour laquelle sont attendus environ 5 millions de nouveaux \u00e9lecteurs, a d\u00e9but\u00e9 le 10 juin dernier et devrait s\u2019achever le 24 juin prochain. La prochaine \u00e9lection pr\u00e9sidentielle ivoirienne est pr\u00e9vue le 31 octobre prochain.<\/p>\n<\/div>\n<p>Auteur: APA News<br \/>\n<a href=\"https:\/\/www.journalducameroun.com\/cote-divoire-prorogation-de-loperation-de-recensement-electoral-jusquau-30-juin-2020\/\">Cliquez ici pour lire l&rsquo;article depuis sa source.<\/a><\/p>\n","protected":false},"excerpt":{"rendered":"<p>Publi\u00e9 le 23.06.2020 \u00e0 20h18 par APA News La Commission \u00e9lectorale ivoirienne (CEI), l\u2019institution charg\u00e9e d\u2019organiser les \u00e9lections en C\u00f4te d\u2019Ivoire, a annonc\u00e9 mardi \u00e0 Abidjan, la prorogation de l\u2019op\u00e9ration de recensement \u00e9lectoral jusqu\u2019au 30 juin prochain.Cette op\u00e9ration a d\u00e9but\u00e9 le 10 juin dernier et devrait s\u2019achever le 24 juin prochain. \u00ab ( \u2026) Afin [&hellip;]<\/p>\n","protected":false},"author":1965,"featured_media":0,"comment_status":"closed","ping_status":"closed","sticky":false,"template":"","format":"standard","meta":{"fifu_image_url":"","fifu_image_alt":"","footnotes":""},"categories":[73,82],"tags":[],"class_list":["post-89936","post","type-post","status-publish","format-standard","hentry","category-actualite","category-cameroun"],"_links":{"self":[{"href":"https:\/\/linitiative.ca\/International\/wp-json\/wp\/v2\/posts\/89936","targetHints":{"allow":["GET"]}}],"collection":[{"href":"https:\/\/linitiative.ca\/International\/wp-json\/wp\/v2\/posts"}],"about":[{"href":"https:\/\/linitiative.ca\/International\/wp-json\/wp\/v2\/types\/post"}],"author":[{"embeddable":true,"href":"https:\/\/linitiative.ca\/International\/wp-json\/wp\/v2\/users\/1965"}],"replies":[{"embeddable":true,"href":"https:\/\/linitiative.ca\/International\/wp-json\/wp\/v2\/comments?post=89936"}],"version-history":[{"count":0,"href":"https:\/\/linitiative.ca\/International\/wp-json\/wp\/v2\/posts\/89936\/revisions"}],"wp:attachment":[{"href":"https:\/\/linitiative.ca\/International\/wp-json\/wp\/v2\/media?parent=89936"}],"wp:term":[{"taxonomy":"category","embeddable":true,"href":"https:\/\/linitiative.ca\/International\/wp-json\/wp\/v2\/categories?post=89936"},{"taxonomy":"post_tag","embeddable":true,"href":"https:\/\/linitiative.ca\/International\/wp-json\/wp\/v2\/tags?post=89936"}],"curies":[{"name":"wp","href":"https:\/\/api.w.org\/{rel}","templated":true}]}}