{"id":89938,"date":"2020-06-23T15:18:16","date_gmt":"2020-06-23T19:18:16","guid":{"rendered":"https:\/\/linitiative.ca\/International\/affaire-trafic-de-drogue-hamed-bakayoko-porte-plainte-a-abidjan-contre-des-journalistes-et-des-cyberactivistes\/"},"modified":"2020-06-23T15:18:16","modified_gmt":"2020-06-23T19:18:16","slug":"affaire-trafic-de-drogue-hamed-bakayoko-porte-plainte-a-abidjan-contre-des-journalistes-et-des-cyberactivistes","status":"publish","type":"post","link":"https:\/\/linitiative.ca\/International\/affaire-trafic-de-drogue-hamed-bakayoko-porte-plainte-a-abidjan-contre-des-journalistes-et-des-cyberactivistes\/","title":{"rendered":"Affaire \u00ab\u00a0Trafic de drogue\u00a0\u00bb : Hamed Bakayoko porte plainte \u00e0 Abidjan contre des journalistes et des cyberactivistes"},"content":{"rendered":"<div readability=\"32\">\n<p>Publi\u00e9 le 23.06.2020 \u00e0 20h18 par APA News<\/p>\n<\/div>\n<div readability=\"61\">\n<p>Le ministre d\u2019\u00c9tat ivoirien charg\u00e9 de la d\u00e9fense, par ailleurs premier ministre par int\u00e9rim, Hamed Bakayoko qui a \u00e9t\u00e9 accus\u00e9 r\u00e9cemment dans un m\u00e9dia international de trafic de drogue, a d\u00e9pos\u00e9 une plainte devant le procureur de la R\u00e9publique pr\u00e8s le Tribunal de premi\u00e8re instance d\u2019Abidjan contre des journalistes, des cyberactivistes et la soci\u00e9t\u00e9 Vice M\u00e9dia pour diffamation.L\u2019information a \u00e9t\u00e9 donn\u00e9e mardi dans un communiqu\u00e9 du Conseil de M. Bakayoko sign\u00e9 par Me Niamkey Marie-H\u00e9l\u00e8ne. \u00ab Pour la sauvegarde de ses droits, M. Hamed Bakayoko, ministre d\u2019\u00c9tat charg\u00e9 de la d\u00e9fense a d\u00e9pos\u00e9 une plainte le 23 juin 2020 entre les mains du procureur de la R\u00e9publique pr\u00e8s le Tribunal de premi\u00e8re instance d\u2019Abidjan pour diffamation, atteinte \u00e0 l\u2019ordre public et \u00a0injures commises par le biais d\u2019un syst\u00e8me d\u2019information\u00bb, rapporte le communiqu\u00e9.\u00a0<\/p>\n<p>Poursuivant Me Niamkey a \u00a0fait savoir que \u00a0la plainte de M. Bakayoko est contre la soci\u00e9t\u00e9 Vice M\u00e9dia, la soci\u00e9t\u00e9 Vice Belgique, \u00a0la soci\u00e9t\u00e9 Vice France, M. Bauwens Daan Jan ( Journaliste belge), Ibekwe Nicholas Leonard ( Journaliste Nig\u00e9rian), Mme Camara Ma\u00efmouna alias La Gu\u00eape ( Cyberactiviste ivoirienne), X plus connu sous le nom de Kyria Doukour\u00e9 et \u00ab \u00a0tous ceux qui s\u2019av\u00e9reront\u00bb.\u00a0<\/p>\n<p>D\u00e9but juin, les journalistes Ibekwe Nicholas et Daan Bauwens ont accus\u00e9 dans un m\u00e9dia international ( Vice M\u00e9dia), le premier ministre ivoirien par int\u00e9rim Hamed Bakayoko d\u2019\u00eatre le parrain du trafic de drogue en C\u00f4te d\u2019Ivoire. Une information qui a \u00e9t\u00e9 abondamment \u00a0relay\u00e9e par des cyberactivistes sur les r\u00e9seaux sociaux.\u00a0<\/p>\n<\/div>\n<p>Auteur: APA News<br \/>\n<a href=\"https:\/\/www.journalducameroun.com\/affaire-trafic-de-drogue-hamed-bakayoko-porte-plainte-a-abidjan-contre-des-journalistes-et-des-cyberactivistes\/\">Cliquez ici pour lire l&rsquo;article depuis sa source.<\/a><\/p>\n","protected":false},"excerpt":{"rendered":"<p>Publi\u00e9 le 23.06.2020 \u00e0 20h18 par APA News Le ministre d\u2019\u00c9tat ivoirien charg\u00e9 de la d\u00e9fense, par ailleurs premier ministre par int\u00e9rim, Hamed Bakayoko qui a \u00e9t\u00e9 accus\u00e9 r\u00e9cemment dans un m\u00e9dia international de trafic de drogue, a d\u00e9pos\u00e9 une plainte devant le procureur de la R\u00e9publique pr\u00e8s le Tribunal de premi\u00e8re instance d\u2019Abidjan contre [&hellip;]<\/p>\n","protected":false},"author":1965,"featured_media":0,"comment_status":"closed","ping_status":"closed","sticky":false,"template":"","format":"standard","meta":{"fifu_image_url":"","fifu_image_alt":"","footnotes":""},"categories":[73,82],"tags":[],"class_list":["post-89938","post","type-post","status-publish","format-standard","hentry","category-actualite","category-cameroun"],"_links":{"self":[{"href":"https:\/\/linitiative.ca\/International\/wp-json\/wp\/v2\/posts\/89938","targetHints":{"allow":["GET"]}}],"collection":[{"href":"https:\/\/linitiative.ca\/International\/wp-json\/wp\/v2\/posts"}],"about":[{"href":"https:\/\/linitiative.ca\/International\/wp-json\/wp\/v2\/types\/post"}],"author":[{"embeddable":true,"href":"https:\/\/linitiative.ca\/International\/wp-json\/wp\/v2\/users\/1965"}],"replies":[{"embeddable":true,"href":"https:\/\/linitiative.ca\/International\/wp-json\/wp\/v2\/comments?post=89938"}],"version-history":[{"count":0,"href":"https:\/\/linitiative.ca\/International\/wp-json\/wp\/v2\/posts\/89938\/revisions"}],"wp:attachment":[{"href":"https:\/\/linitiative.ca\/International\/wp-json\/wp\/v2\/media?parent=89938"}],"wp:term":[{"taxonomy":"category","embeddable":true,"href":"https:\/\/linitiative.ca\/International\/wp-json\/wp\/v2\/categories?post=89938"},{"taxonomy":"post_tag","embeddable":true,"href":"https:\/\/linitiative.ca\/International\/wp-json\/wp\/v2\/tags?post=89938"}],"curies":[{"name":"wp","href":"https:\/\/api.w.org\/{rel}","templated":true}]}}