{"id":89942,"date":"2020-06-23T13:04:33","date_gmt":"2020-06-23T17:04:33","guid":{"rendered":"https:\/\/linitiative.ca\/International\/peril-sur-le-chantier-du-centre-commercial-neo-congo-mall-de-douala\/"},"modified":"2020-06-23T13:04:33","modified_gmt":"2020-06-23T17:04:33","slug":"peril-sur-le-chantier-du-centre-commercial-neo-congo-mall-de-douala","status":"publish","type":"post","link":"https:\/\/linitiative.ca\/International\/peril-sur-le-chantier-du-centre-commercial-neo-congo-mall-de-douala\/","title":{"rendered":"P\u00e9ril sur le chantier du centre commercial Neo Congo Mall de Douala"},"content":{"rendered":"<p>C\u2019\u00e9tait le 29 novembre 2019, lors de la c\u00e9r\u00e9monie de pose de la premi\u00e8re pierre du Neo Congo Mall, gigantesque centre commercial, en remplacement du vieux march\u00e9 Congo de Douala. Emmanuel Neossi, le promoteur de l\u2019entreprise Neo industries, en charge de la construction du Neo Congo Mall de Douala, promettait \u00e0 Georges Elanga Obam, le Ministre de la d\u00e9centralisation et du d\u00e9veloppement local, \u00able respect des d\u00e9lais, voire une livraison avant terme\u00bb. Huit mois apr\u00e8s cette sortie fort rassurante, la tenue des d\u00e9lais de livraison de ce chantier devient hypoth\u00e9tique. L\u2019\u00e9tat des lieux dress\u00e9 par Jarvys Doumbe, Senior Project management du Neo Congo Mall, ne rassure gu\u00e8re. \u00abNous avons du retard sur l\u2019achat du mat\u00e9riel. Nous aurons \u00e9galement du retard sur les nouvelles commandes \u00e0 effectuer. Les d\u00e9lais de production seront forc\u00e9ment repouss\u00e9s.\u00a0Mais dans tous les cas il y aura un l\u00e9ger d\u00e9calage sur les d\u00e9lais de livraison du chantier\u00bb, a-t-il expliqu\u00e9. \u00ab Il n\u2019y a pas lieu de s\u2019alarmer pour l\u2019instant. On essaie de ma\u00eetriser tout l\u2019ensemble du projet \u00bb Rassure-t-il par la suite.<\/p>\n<p>Lire aussi : <a href=\"https:\/\/ecomatin.net\/marche-congo-325-millions-de-fcfa-remis-aux-sinistres\/\"><strong>March\u00e9 Congo: 32,5 millions de FCFA remis aux sinistr\u00e9s\u00a0<\/strong><\/a><\/p>\n<p>Le projet Neo Congo Mall subit\u00a0incontestablement les affres de la fermeture des fronti\u00e8res d\u00e9cid\u00e9e par le gouvernement le 17 mars 2020 \u00e0 cause de la crise sanitaire du coronavirus. 70% du mat\u00e9riel de construction de l\u2019ouvrage provient de Chine, de l\u2019Italie et de la Turquie. Sur le chantier, le rythme de travail a logiquement baiss\u00e9. Effet n\u00e9gatif du Covid-19. Quelques ouvriers s\u2019activent n\u00e9anmoins pour parachever tant bien que mal la phase l du projet lanc\u00e9e en ao\u00fbt 2019 par la construction du Bloc A, apr\u00e8s la phase pr\u00e9paratoire d\u00e9marr\u00e9e en mai 2019.<\/p>\n<p>Lire aussi : <strong><a href=\"https:\/\/ecomatin.net\/douala-grand-mall-la-phase-1-en-cours-de-finalisation\/\">Douala Grand Mall : la phase 1 en cours de finalisation\u00a0<\/a><\/strong><\/p>\n<p>Le Neo Congo Mall, nouveau march\u00e9 Congo sous forme de centre commercial, est con\u00e7u en 2 b\u00e2timents sur 5200 m2, blocs A et B, pour environ 3500 \u00e9quipements marchands. Ses concepteurs parlent d\u2019un complexe \u00abdes plus moderne\u00bb disposant d\u2019un syst\u00e8me de s\u00e9curit\u00e9 incendie de derni\u00e8re g\u00e9n\u00e9ration, des restaurants, 300 places de parkings en sous-sol, des magasins de stockage, bureaux, un supermarch\u00e9, des \u00e9quipements de services (5 ascenseurs, 3 monte-charges, 1 car wash etc\u2026). Le tout pour un budget de 27,9 milliards de Fcfa. Emmanuel Neossi annonce la cr\u00e9ation dans le projet Neo Congo Mall de 350 emplois directs pour le Property management, 7000 pour l\u2019activit\u00e9 commer\u00e7ante et environ 20.000 emplois indirects.\u00a0<\/p>\n<p>Lire aussi : <strong><a href=\"https:\/\/ecomatin.net\/douala-grand-mall-deja-plus-de-60-de-reservations-des-espaces\/\" target=\"_blank\" rel=\"noreferrer noopener\">Douala Grand Mall : d\u00e9j\u00e0 plus de 60% de r\u00e9servations des espaces\u00a0<\/a><\/strong><\/p>\n<div class=\"awac-wrapper awac widget posts-list-widget-11\">\n<h4 class=\"widget-title\">Le plus r\u00e9cent<\/h4>\n<\/div>\n<p>Auteur: EcoMatin<br \/>\n<a href=\"https:\/\/ecomatin.net\/peril-sur-le-chantier-du-centre-commercial-neo-congo-mall-de-douala\/\">Cliquez ici pour lire l&rsquo;article depuis sa source.<\/a><\/p>\n","protected":false},"excerpt":{"rendered":"<p>C\u2019\u00e9tait le 29 novembre 2019, lors de la c\u00e9r\u00e9monie de pose de la premi\u00e8re pierre du Neo Congo Mall, gigantesque centre commercial, en remplacement du vieux march\u00e9 Congo de Douala. Emmanuel Neossi, le promoteur de l\u2019entreprise Neo industries, en charge de la construction du Neo Congo Mall de Douala, promettait \u00e0 Georges Elanga Obam, le [&hellip;]<\/p>\n","protected":false},"author":1969,"featured_media":0,"comment_status":"closed","ping_status":"closed","sticky":false,"template":"","format":"standard","meta":{"fifu_image_url":"","fifu_image_alt":"","footnotes":""},"categories":[82,78],"tags":[],"class_list":["post-89942","post","type-post","status-publish","format-standard","hentry","category-cameroun","category-economie"],"_links":{"self":[{"href":"https:\/\/linitiative.ca\/International\/wp-json\/wp\/v2\/posts\/89942","targetHints":{"allow":["GET"]}}],"collection":[{"href":"https:\/\/linitiative.ca\/International\/wp-json\/wp\/v2\/posts"}],"about":[{"href":"https:\/\/linitiative.ca\/International\/wp-json\/wp\/v2\/types\/post"}],"author":[{"embeddable":true,"href":"https:\/\/linitiative.ca\/International\/wp-json\/wp\/v2\/users\/1969"}],"replies":[{"embeddable":true,"href":"https:\/\/linitiative.ca\/International\/wp-json\/wp\/v2\/comments?post=89942"}],"version-history":[{"count":0,"href":"https:\/\/linitiative.ca\/International\/wp-json\/wp\/v2\/posts\/89942\/revisions"}],"wp:attachment":[{"href":"https:\/\/linitiative.ca\/International\/wp-json\/wp\/v2\/media?parent=89942"}],"wp:term":[{"taxonomy":"category","embeddable":true,"href":"https:\/\/linitiative.ca\/International\/wp-json\/wp\/v2\/categories?post=89942"},{"taxonomy":"post_tag","embeddable":true,"href":"https:\/\/linitiative.ca\/International\/wp-json\/wp\/v2\/tags?post=89942"}],"curies":[{"name":"wp","href":"https:\/\/api.w.org\/{rel}","templated":true}]}}