{"id":89950,"date":"2020-06-24T11:01:46","date_gmt":"2020-06-24T15:01:46","guid":{"rendered":"https:\/\/linitiative.ca\/International\/etablissements-penitentiaires-reprise-le-13-juillet-des-visites-familiales\/"},"modified":"2020-06-24T11:01:46","modified_gmt":"2020-06-24T15:01:46","slug":"etablissements-penitentiaires-reprise-le-13-juillet-des-visites-familiales","status":"publish","type":"post","link":"https:\/\/linitiative.ca\/International\/etablissements-penitentiaires-reprise-le-13-juillet-des-visites-familiales\/","title":{"rendered":"Etablissements p\u00e9nitentiaires : Reprise le 13 juillet des visites familiales"},"content":{"rendered":"<header>\n<\/header>\n<div class=\"entry-content clearfix\" readability=\"43\"><img decoding=\"async\" class=\"post_layout_5_img\" src=\"http:\/\/aujourdhui.ma\/wp-content\/uploads\/2016\/03\/Oukach.jpg\" alt=\"Etablissements p&#xE9;nitentiaires : Reprise le 13 juillet des visites familiales\"\/><\/p>\n<p><span class=\"c5\"><strong>La D\u00e9l\u00e9gation g\u00e9n\u00e9rale \u00e0 l\u2019administration p\u00e9nitentiaire et \u00e0 la r\u00e9insertion (DGAPR) a annonc\u00e9, mercredi, que la reprise des visites familiales au profit des d\u00e9tenus des \u00e9tablissements p\u00e9nitentiaires a \u00e9t\u00e9 report\u00e9e jusqu\u2019au 13 juillet 2020.<\/strong><\/span> <span id=\"more-348793\"\/><\/p>\n<p>Dans un communiqu\u00e9, la DGAPR pr\u00e9cise que ce report intervient \u00abcompte tenu de l\u2019\u00e9volution r\u00e9cente de la situation \u00e9pid\u00e9miologique dans nombre de villes et de zones et en pr\u00e9vision de tout autre d\u00e9veloppement de la situation, ainsi que dans un souci de prot\u00e9ger les d\u00e9tenus et de pr\u00e9server la s\u00e9curit\u00e9 des \u00e9tablissements p\u00e9nitentiaires\u00bb.<\/p>\n<\/div>\n<p>Auteur: ALM<br \/>\n<a href=\"https:\/\/aujourdhui.ma\/societe\/etablissements-penitentiaires-reprise-le-13-juillet-des-visites-familiales\">Cliquez ici pour lire l&rsquo;article depuis sa source.<\/a><\/p>\n","protected":false},"excerpt":{"rendered":"<p>La D\u00e9l\u00e9gation g\u00e9n\u00e9rale \u00e0 l\u2019administration p\u00e9nitentiaire et \u00e0 la r\u00e9insertion (DGAPR) a annonc\u00e9, mercredi, que la reprise des visites familiales au profit des d\u00e9tenus des \u00e9tablissements p\u00e9nitentiaires a \u00e9t\u00e9 report\u00e9e jusqu\u2019au 13 juillet 2020. Dans un communiqu\u00e9, la DGAPR pr\u00e9cise que ce report intervient \u00abcompte tenu de l\u2019\u00e9volution r\u00e9cente de la situation \u00e9pid\u00e9miologique dans nombre [&hellip;]<\/p>\n","protected":false},"author":1759,"featured_media":89951,"comment_status":"closed","ping_status":"closed","sticky":false,"template":"","format":"standard","meta":{"fifu_image_url":"","fifu_image_alt":"","footnotes":""},"categories":[73,54],"tags":[],"class_list":["post-89950","post","type-post","status-publish","format-standard","has-post-thumbnail","hentry","category-actualite","category-maroc"],"_links":{"self":[{"href":"https:\/\/linitiative.ca\/International\/wp-json\/wp\/v2\/posts\/89950","targetHints":{"allow":["GET"]}}],"collection":[{"href":"https:\/\/linitiative.ca\/International\/wp-json\/wp\/v2\/posts"}],"about":[{"href":"https:\/\/linitiative.ca\/International\/wp-json\/wp\/v2\/types\/post"}],"author":[{"embeddable":true,"href":"https:\/\/linitiative.ca\/International\/wp-json\/wp\/v2\/users\/1759"}],"replies":[{"embeddable":true,"href":"https:\/\/linitiative.ca\/International\/wp-json\/wp\/v2\/comments?post=89950"}],"version-history":[{"count":0,"href":"https:\/\/linitiative.ca\/International\/wp-json\/wp\/v2\/posts\/89950\/revisions"}],"wp:featuredmedia":[{"embeddable":true,"href":"https:\/\/linitiative.ca\/International\/wp-json\/"}],"wp:attachment":[{"href":"https:\/\/linitiative.ca\/International\/wp-json\/wp\/v2\/media?parent=89950"}],"wp:term":[{"taxonomy":"category","embeddable":true,"href":"https:\/\/linitiative.ca\/International\/wp-json\/wp\/v2\/categories?post=89950"},{"taxonomy":"post_tag","embeddable":true,"href":"https:\/\/linitiative.ca\/International\/wp-json\/wp\/v2\/tags?post=89950"}],"curies":[{"name":"wp","href":"https:\/\/api.w.org\/{rel}","templated":true}]}}