{"id":89952,"date":"2020-06-24T11:16:08","date_gmt":"2020-06-24T15:16:08","guid":{"rendered":"https:\/\/linitiative.ca\/International\/produits-industriels-a-limportation-le-nouveau-systeme-de-controle-est-operationnel\/"},"modified":"2020-06-24T11:16:08","modified_gmt":"2020-06-24T15:16:08","slug":"produits-industriels-a-limportation-le-nouveau-systeme-de-controle-est-operationnel","status":"publish","type":"post","link":"https:\/\/linitiative.ca\/International\/produits-industriels-a-limportation-le-nouveau-systeme-de-controle-est-operationnel\/","title":{"rendered":"Produits industriels \u00e0 l\u2019importation : Le nouveau syst\u00e8me de contr\u00f4le est op\u00e9rationnel"},"content":{"rendered":"<p><img decoding=\"async\" class=\"post_layout_5_img\" src=\"http:\/\/aujourdhui.ma\/wp-content\/uploads\/2019\/07\/port-de-casablanca.jpg\" alt=\"Produits industriels &#xE0; l&#x2019;importation : Le nouveau syst&#xE8;me de contr&#xF4;le est op&#xE9;rationnel\"\/><\/p>\n<p><span class=\"c5\"><strong>Le nouveau syst\u00e8me de contr\u00f4le des produits industriels \u00e0 l\u2019importation est entr\u00e9 en vigueur le 20 juin 2020, annonce, mercredi, le minist\u00e8re de l\u2019industrie, du commerce et de l\u2019\u00e9conomie verte et num\u00e9rique.<\/strong><\/span> <span id=\"more-348797\"\/><\/p>\n<p>Ce nouveau syst\u00e8me est entr\u00e9 en vigueur apr\u00e8s l\u2019expiration de la p\u00e9riode de transition instaur\u00e9e initialement du 1er f\u00e9vrier au 19 avril 2020, puis prolong\u00e9e jusqu\u2019au 19 juin 2020 en raison de l\u2019\u00e9tat d\u2019urgence sanitaire, comme annonc\u00e9 par le minist\u00e8re le 17 avril 2020, pr\u00e9cise le minist\u00e8re dans un communiqu\u00e9.<\/p>\n<p>Conform\u00e9ment \u00e0 ce nouveau syst\u00e8me, les op\u00e9rateurs \u00e9conomiques devront proc\u00e9der \u00e0 l\u2019\u00e9valuation de la conformit\u00e9 des produits industriels soumis au contr\u00f4le normatif \u00e0 l\u2019importation, ajoute la m\u00eame source, notant que ce contr\u00f4le sera effectu\u00e9 au niveau des postes-fronti\u00e8res du Royaume pour les pi\u00e8ces de rechange automobiles (pneus, batteries, garnitures de frein, vitrage, \u00e9l\u00e9ments filtrants, c\u00e2ble de commande m\u00e9canique), les produits de construction (carreaux c\u00e9ramiques, ciment, feuilles d\u2019\u00e9tanch\u00e9it\u00e9, produits sanitaires, robinetterie, tubes en mati\u00e8re plastique), les panneaux en bois et les appareils de chauffage \u00e0 gaz et les chauffe-eau \u00e0 gaz.<\/p>\n<p>Le contr\u00f4le au niveau des postes-fronti\u00e8res du Maroc concerne \u00e9galement le fil machine et le fer \u00e0 b\u00e9ton, les articles d\u2019habillement autres que les v\u00eatements de travail, les chargeurs pour t\u00e9l\u00e9phones portables et les disjoncteurs, les couvertures, les tapis, les moquettes ainsi que les tissus d\u2019ameublement et les couches pour b\u00e9b\u00e9s.<\/p>\n<p>Le minist\u00e8re rel\u00e8ve en outre que pour le reste des produits industriels concern\u00e9s, le contr\u00f4le s\u2019effectuera dans les pays d\u2019exp\u00e9dition. Dans le cas o\u00f9 les importateurs rencontrent des difficult\u00e9s \u00e0 obtenir le certificat de conformit\u00e9 \u00e0 l\u2019\u00e9tranger en raison de contraintes li\u00e9es \u00e0 la Covid-19, ils seront autoris\u00e9s exceptionnellement \u00e0 r\u00e9aliser au Maroc le contr\u00f4le de leurs marchandises arriv\u00e9es apr\u00e8s le 20 juin 2020, souligne le minist\u00e8re qui invite ces importateurs \u00e0 joindre une d\u00e9claration sur l\u2019honneur au dossier d\u2019importation au niveau de la plate-forme PortNet.<\/p>\n<p>Auteur: ALM<br \/>\n<a href=\"https:\/\/aujourdhui.ma\/economie\/produits-industriels-a-limportation-le-nouveau-systeme-de-controle-est-operationnel\">Cliquez ici pour lire l&rsquo;article depuis sa source.<\/a><\/p>\n","protected":false},"excerpt":{"rendered":"<p>Le nouveau syst\u00e8me de contr\u00f4le des produits industriels \u00e0 l\u2019importation est entr\u00e9 en vigueur le 20 juin 2020, annonce, mercredi, le minist\u00e8re de l\u2019industrie, du commerce et de l\u2019\u00e9conomie verte et num\u00e9rique. Ce nouveau syst\u00e8me est entr\u00e9 en vigueur apr\u00e8s l\u2019expiration de la p\u00e9riode de transition instaur\u00e9e initialement du 1er f\u00e9vrier au 19 avril 2020, [&hellip;]<\/p>\n","protected":false},"author":1759,"featured_media":89953,"comment_status":"closed","ping_status":"closed","sticky":false,"template":"","format":"standard","meta":{"fifu_image_url":"","fifu_image_alt":"","footnotes":""},"categories":[73,54],"tags":[],"class_list":["post-89952","post","type-post","status-publish","format-standard","has-post-thumbnail","hentry","category-actualite","category-maroc"],"_links":{"self":[{"href":"https:\/\/linitiative.ca\/International\/wp-json\/wp\/v2\/posts\/89952","targetHints":{"allow":["GET"]}}],"collection":[{"href":"https:\/\/linitiative.ca\/International\/wp-json\/wp\/v2\/posts"}],"about":[{"href":"https:\/\/linitiative.ca\/International\/wp-json\/wp\/v2\/types\/post"}],"author":[{"embeddable":true,"href":"https:\/\/linitiative.ca\/International\/wp-json\/wp\/v2\/users\/1759"}],"replies":[{"embeddable":true,"href":"https:\/\/linitiative.ca\/International\/wp-json\/wp\/v2\/comments?post=89952"}],"version-history":[{"count":0,"href":"https:\/\/linitiative.ca\/International\/wp-json\/wp\/v2\/posts\/89952\/revisions"}],"wp:featuredmedia":[{"embeddable":true,"href":"https:\/\/linitiative.ca\/International\/wp-json\/"}],"wp:attachment":[{"href":"https:\/\/linitiative.ca\/International\/wp-json\/wp\/v2\/media?parent=89952"}],"wp:term":[{"taxonomy":"category","embeddable":true,"href":"https:\/\/linitiative.ca\/International\/wp-json\/wp\/v2\/categories?post=89952"},{"taxonomy":"post_tag","embeddable":true,"href":"https:\/\/linitiative.ca\/International\/wp-json\/wp\/v2\/tags?post=89952"}],"curies":[{"name":"wp","href":"https:\/\/api.w.org\/{rel}","templated":true}]}}