{"id":89954,"date":"2020-06-24T11:20:44","date_gmt":"2020-06-24T15:20:44","guid":{"rendered":"https:\/\/linitiative.ca\/International\/industrie-pharmaceutique-lamip-mobilisee-pour-eviter-la-rupture-de-medicaments\/"},"modified":"2020-06-24T11:20:44","modified_gmt":"2020-06-24T15:20:44","slug":"industrie-pharmaceutique-lamip-mobilisee-pour-eviter-la-rupture-de-medicaments","status":"publish","type":"post","link":"https:\/\/linitiative.ca\/International\/industrie-pharmaceutique-lamip-mobilisee-pour-eviter-la-rupture-de-medicaments\/","title":{"rendered":"Industrie pharmaceutique : L\u2019AMIP mobilis\u00e9e pour \u00e9viter la rupture de m\u00e9dicaments"},"content":{"rendered":"<p><img decoding=\"async\" class=\"post_layout_5_img\" src=\"http:\/\/aujourdhui.ma\/wp-content\/uploads\/2020\/06\/AMIP.jpg\" alt=\"Industrie pharmaceutique : L&#x2019;AMIP mobilis&#xE9;e pour &#xE9;viter la rupture de m&#xE9;dicaments\"\/><\/p>\n<p><span class=\"c6\"><span class=\"c5\"><strong>A l\u2019instar d\u2019autres secteurs, les professionnels de l\u2019industrie pharmaceutique ont, d\u00e8s le d\u00e9but de la crise de la Covid-19, mis \u00e0 leur tour en place une s\u00e9rie de mesures pr\u00e9ventives pour maintenir l\u2019activit\u00e9 industrielle dans des conditions s\u00e9curitaires.<\/strong><\/span> <span id=\"more-348794\"\/><\/span><\/p>\n<p>L\u2019objectif \u00e9tant, selon l\u2019Association marocaine de l\u2019industrie pharmaceutique (AMIP), qui a r\u00e9cemment tenu son assembl\u00e9e g\u00e9n\u00e9rale, d\u2019\u00e9viter \u00able risque de rupture en m\u00e9dicaments essentiels et d\u2019apporter une r\u00e9ponse efficace \u00e0 la forte demande enregistr\u00e9e pour certains traitements et produits d\u2019hygi\u00e8ne\u00bb.<\/p>\n<p>Rassemblant les 29 principaux acteurs de l\u2019industrie pharmaceutique nationale, les membres de l\u2019association fond\u00e9e en 1985 ont \u00e9galement d\u00e9battu, lors de cette rencontre, de \u00abl\u2019actualisation de la strat\u00e9gie globale de l\u2019AMIP et de ses priorit\u00e9s \u00e0 l\u2019aune du coronavirus\u00bb.<\/p>\n<p>Lors de l\u2019allocution d\u2019ouverture de l\u2019assembl\u00e9e, le pr\u00e9sident de l\u2019AMIP, Ali Sedrati, a, selon la m\u00eame source, soulign\u00e9 la forte implication de l\u2019instance aupr\u00e8s des pouvoirs publics dans la lutte contre la Covid-19. Il a, en outre, insist\u00e9 sur l\u2019engagement collectif des op\u00e9rateurs \u00e0 souscrire \u00e0 une politique de d\u00e9pistages massifs des employ\u00e9s du secteur, \u00abdans les plus brefs d\u00e9lais\u00bb.<\/p>\n<p>A l\u2019issue de l\u2019assembl\u00e9e, les membres de l\u2019AMIP, repr\u00e9sentant 55.000 emplois (dont plus de 12.000 emplois directs), ont d\u00e9cid\u00e9 l\u2019actualisation de la plate-forme de propositions soumise \u00e0 la Commission sp\u00e9ciale sur le mod\u00e8le de d\u00e9veloppement (CSMD), ainsi que \u00abla composition d\u2019une commission technique ad hoc afin d\u2019adapter le contenu \u00e0 la strat\u00e9gie nationale\u00bb. Au cours de cette assembl\u00e9e, l\u2019AMIP a \u00e9galement annonc\u00e9 l\u2019adoption d\u2019une \u00abnouvelle charte de communication \u00e9thique ainsi que sa nouvelle identit\u00e9 visuelle\u00bb.<br \/>Par l\u2019occasion, l\u2019AMIP se f\u00e9licite des instructions du ministre de la sant\u00e9 pour la cr\u00e9ation d\u2019une commission mixte AMIP-DMP (Direction du m\u00e9dicament et de la pharmacie), qui se r\u00e9unira une fois par mois pour traiter de sujets techniques relatifs au secteur.<\/p>\n<p>Auteur: ALM<br \/>\n<a href=\"https:\/\/aujourdhui.ma\/societe\/industrie-pharmaceutique-lamip-mobilisee-pour-eviter-la-rupture-de-medicaments\">Cliquez ici pour lire l&rsquo;article depuis sa source.<\/a><\/p>\n","protected":false},"excerpt":{"rendered":"<p>A l\u2019instar d\u2019autres secteurs, les professionnels de l\u2019industrie pharmaceutique ont, d\u00e8s le d\u00e9but de la crise de la Covid-19, mis \u00e0 leur tour en place une s\u00e9rie de mesures pr\u00e9ventives pour maintenir l\u2019activit\u00e9 industrielle dans des conditions s\u00e9curitaires. L\u2019objectif \u00e9tant, selon l\u2019Association marocaine de l\u2019industrie pharmaceutique (AMIP), qui a r\u00e9cemment tenu son assembl\u00e9e g\u00e9n\u00e9rale, d\u2019\u00e9viter [&hellip;]<\/p>\n","protected":false},"author":1759,"featured_media":89955,"comment_status":"closed","ping_status":"closed","sticky":false,"template":"","format":"standard","meta":{"fifu_image_url":"","fifu_image_alt":"","footnotes":""},"categories":[73,54],"tags":[],"class_list":["post-89954","post","type-post","status-publish","format-standard","has-post-thumbnail","hentry","category-actualite","category-maroc"],"_links":{"self":[{"href":"https:\/\/linitiative.ca\/International\/wp-json\/wp\/v2\/posts\/89954","targetHints":{"allow":["GET"]}}],"collection":[{"href":"https:\/\/linitiative.ca\/International\/wp-json\/wp\/v2\/posts"}],"about":[{"href":"https:\/\/linitiative.ca\/International\/wp-json\/wp\/v2\/types\/post"}],"author":[{"embeddable":true,"href":"https:\/\/linitiative.ca\/International\/wp-json\/wp\/v2\/users\/1759"}],"replies":[{"embeddable":true,"href":"https:\/\/linitiative.ca\/International\/wp-json\/wp\/v2\/comments?post=89954"}],"version-history":[{"count":0,"href":"https:\/\/linitiative.ca\/International\/wp-json\/wp\/v2\/posts\/89954\/revisions"}],"wp:featuredmedia":[{"embeddable":true,"href":"https:\/\/linitiative.ca\/International\/wp-json\/"}],"wp:attachment":[{"href":"https:\/\/linitiative.ca\/International\/wp-json\/wp\/v2\/media?parent=89954"}],"wp:term":[{"taxonomy":"category","embeddable":true,"href":"https:\/\/linitiative.ca\/International\/wp-json\/wp\/v2\/categories?post=89954"},{"taxonomy":"post_tag","embeddable":true,"href":"https:\/\/linitiative.ca\/International\/wp-json\/wp\/v2\/tags?post=89954"}],"curies":[{"name":"wp","href":"https:\/\/api.w.org\/{rel}","templated":true}]}}