{"id":89958,"date":"2020-06-24T11:28:58","date_gmt":"2020-06-24T15:28:58","guid":{"rendered":"https:\/\/linitiative.ca\/International\/liga-un-barca-revanchard-soffre-bilbao\/"},"modified":"2020-06-24T11:28:58","modified_gmt":"2020-06-24T15:28:58","slug":"liga-un-barca-revanchard-soffre-bilbao","status":"publish","type":"post","link":"https:\/\/linitiative.ca\/International\/liga-un-barca-revanchard-soffre-bilbao\/","title":{"rendered":"Liga: un Bar\u00e7a revanchard s\u2019offre Bilbao"},"content":{"rendered":"<p class=\"has-text-color c2\"><strong>Le Bar\u00e7a a repris la t\u00eate de la Liga gr\u00e2ce \u00e0 sa victoire contre l\u2019Athletic Bilbao (1-0), lors du match comptant pour la 31<sup>e<\/sup> journ\u00e9e du championnat espagnol.<\/strong><\/p>\n<p>En effet, les Blaugrana n\u2019ont pas laiss\u00e9 passer l\u2019occasion de vaincre Bilbao, qui avait sorti les Catalans en quart de finale de Coupe du Roi plus t\u00f4t dans la saison. L\u2019unique but de la rencontre a \u00e9t\u00e9 l\u2019\u0153uvre de l\u2019international croate, Ivan Rakitic, \u00e0 la 72<sup>e<\/sup> minute de jeu. Score finale 1-0 en faveur des champions d\u2019Espagne en titre.<\/p>\n<p>Ce r\u00e9sultat permet au Bar\u00e7a de reprendre provisoirement la premi\u00e8re place au classement devant le Real Madrid, qui affrontera Majorque ce soir.<\/p>\n<p class=\"c3\"><strong>O.Z<\/strong><\/p>\n<p>Auteur: M&rsquo;hammed rahal<br \/>\n<a href=\"http:\/\/albayane.press.ma\/liga-un-barca-revanchard-soffre-bilbao.html\">Cliquez ici pour lire l&rsquo;article depuis sa source.<\/a><\/p>\n","protected":false},"excerpt":{"rendered":"<p>Le Bar\u00e7a a repris la t\u00eate de la Liga gr\u00e2ce \u00e0 sa victoire contre l\u2019Athletic Bilbao (1-0), lors du match comptant pour la 31e journ\u00e9e du championnat espagnol. En effet, les Blaugrana n\u2019ont pas laiss\u00e9 passer l\u2019occasion de vaincre Bilbao, qui avait sorti les Catalans en quart de finale de Coupe du Roi plus t\u00f4t [&hellip;]<\/p>\n","protected":false},"author":1760,"featured_media":0,"comment_status":"closed","ping_status":"closed","sticky":false,"template":"","format":"standard","meta":{"fifu_image_url":"","fifu_image_alt":"","footnotes":""},"categories":[73,54],"tags":[],"class_list":["post-89958","post","type-post","status-publish","format-standard","hentry","category-actualite","category-maroc"],"_links":{"self":[{"href":"https:\/\/linitiative.ca\/International\/wp-json\/wp\/v2\/posts\/89958","targetHints":{"allow":["GET"]}}],"collection":[{"href":"https:\/\/linitiative.ca\/International\/wp-json\/wp\/v2\/posts"}],"about":[{"href":"https:\/\/linitiative.ca\/International\/wp-json\/wp\/v2\/types\/post"}],"author":[{"embeddable":true,"href":"https:\/\/linitiative.ca\/International\/wp-json\/wp\/v2\/users\/1760"}],"replies":[{"embeddable":true,"href":"https:\/\/linitiative.ca\/International\/wp-json\/wp\/v2\/comments?post=89958"}],"version-history":[{"count":0,"href":"https:\/\/linitiative.ca\/International\/wp-json\/wp\/v2\/posts\/89958\/revisions"}],"wp:attachment":[{"href":"https:\/\/linitiative.ca\/International\/wp-json\/wp\/v2\/media?parent=89958"}],"wp:term":[{"taxonomy":"category","embeddable":true,"href":"https:\/\/linitiative.ca\/International\/wp-json\/wp\/v2\/categories?post=89958"},{"taxonomy":"post_tag","embeddable":true,"href":"https:\/\/linitiative.ca\/International\/wp-json\/wp\/v2\/tags?post=89958"}],"curies":[{"name":"wp","href":"https:\/\/api.w.org\/{rel}","templated":true}]}}