{"id":89960,"date":"2020-06-24T11:33:16","date_gmt":"2020-06-24T15:33:16","guid":{"rendered":"https:\/\/linitiative.ca\/International\/accord-barca-juventus-pour-le-transfert-darthur-melo\/"},"modified":"2020-06-24T11:33:16","modified_gmt":"2020-06-24T15:33:16","slug":"accord-barca-juventus-pour-le-transfert-darthur-melo","status":"publish","type":"post","link":"https:\/\/linitiative.ca\/International\/accord-barca-juventus-pour-le-transfert-darthur-melo\/","title":{"rendered":"Accord Bar\u00e7a-Juventus pour le transfert d\u2019Arthur Melo"},"content":{"rendered":"<p class=\"has-text-color has-vivid-cyan-blue-color\"><strong>La Juventus aurait trouv\u00e9 un accord avec le FC Barcelone pour s\u2019attacher les services de l\u2019international br\u00e9silien, Arthur Melo.<\/strong><\/p>\n<p>\u00c2g\u00e9 de 23 ans, l\u2019ancien joueur de Gremio, recrut\u00e9 par le Bar\u00e7a en 2018 pour 30 millions d\u2019euros, compte 71 rencontres sous la tunique Blaugrana. Selon la presse italienne, Arthur Melo posera ses valises \u00e0 Turin contre la somme de 80 millions d\u2019euros.<\/p>\n<p>Malgr\u00e9 son \u00e9norme potentiel, le milieu relayeur n\u2019a jamais r\u00e9ussi \u00e0 s\u2019imposer comme un \u00e9l\u00e9ment cl\u00e9 de l\u2019entre-jeu de la formation catalane. Cette saison, il a particip\u00e9 \u00e0 19 rencontres de Liga (13 titularisations), inscrivant 3 buts et d\u00e9livrant 3 passes d\u00e9cisives.<\/p>\n<p class=\"c2\"><strong>O.Z<\/strong><\/p>\n<p>Auteur: M&rsquo;hammed rahal<br \/>\n<a href=\"http:\/\/albayane.press.ma\/accord-barca-juventus-pour-le-transfert-darthur-melo.html\">Cliquez ici pour lire l&rsquo;article depuis sa source.<\/a><\/p>\n","protected":false},"excerpt":{"rendered":"<p>La Juventus aurait trouv\u00e9 un accord avec le FC Barcelone pour s\u2019attacher les services de l\u2019international br\u00e9silien, Arthur Melo. \u00c2g\u00e9 de 23 ans, l\u2019ancien joueur de Gremio, recrut\u00e9 par le Bar\u00e7a en 2018 pour 30 millions d\u2019euros, compte 71 rencontres sous la tunique Blaugrana. Selon la presse italienne, Arthur Melo posera ses valises \u00e0 Turin [&hellip;]<\/p>\n","protected":false},"author":1760,"featured_media":0,"comment_status":"closed","ping_status":"closed","sticky":false,"template":"","format":"standard","meta":{"fifu_image_url":"","fifu_image_alt":"","footnotes":""},"categories":[73,54],"tags":[],"class_list":["post-89960","post","type-post","status-publish","format-standard","hentry","category-actualite","category-maroc"],"_links":{"self":[{"href":"https:\/\/linitiative.ca\/International\/wp-json\/wp\/v2\/posts\/89960","targetHints":{"allow":["GET"]}}],"collection":[{"href":"https:\/\/linitiative.ca\/International\/wp-json\/wp\/v2\/posts"}],"about":[{"href":"https:\/\/linitiative.ca\/International\/wp-json\/wp\/v2\/types\/post"}],"author":[{"embeddable":true,"href":"https:\/\/linitiative.ca\/International\/wp-json\/wp\/v2\/users\/1760"}],"replies":[{"embeddable":true,"href":"https:\/\/linitiative.ca\/International\/wp-json\/wp\/v2\/comments?post=89960"}],"version-history":[{"count":0,"href":"https:\/\/linitiative.ca\/International\/wp-json\/wp\/v2\/posts\/89960\/revisions"}],"wp:attachment":[{"href":"https:\/\/linitiative.ca\/International\/wp-json\/wp\/v2\/media?parent=89960"}],"wp:term":[{"taxonomy":"category","embeddable":true,"href":"https:\/\/linitiative.ca\/International\/wp-json\/wp\/v2\/categories?post=89960"},{"taxonomy":"post_tag","embeddable":true,"href":"https:\/\/linitiative.ca\/International\/wp-json\/wp\/v2\/tags?post=89960"}],"curies":[{"name":"wp","href":"https:\/\/api.w.org\/{rel}","templated":true}]}}