{"id":89961,"date":"2020-06-24T11:35:00","date_gmt":"2020-06-24T15:35:00","guid":{"rendered":"https:\/\/linitiative.ca\/International\/botola-pro-d1-reprise-le-24-juillet-avec-les-matches-de-mise-a-jour\/"},"modified":"2020-06-24T11:35:00","modified_gmt":"2020-06-24T15:35:00","slug":"botola-pro-d1-reprise-le-24-juillet-avec-les-matches-de-mise-a-jour","status":"publish","type":"post","link":"https:\/\/linitiative.ca\/International\/botola-pro-d1-reprise-le-24-juillet-avec-les-matches-de-mise-a-jour\/","title":{"rendered":"Botola Pro D1: reprise le 24 juillet avec les matches de mise \u00e0 jour"},"content":{"rendered":"<p class=\"has-text-color has-vivid-cyan-blue-color\"><strong>La Botola Pro D1 va reprendre le 24 juillet \u00e0 travers la tenue des matches de mise \u00e0 jour \u00e0 huis clos, a annonc\u00e9 mardi la F\u00e9d\u00e9ration royale marocaine de football (FRMF).<\/strong><\/p>\n<p>L\u2019annonce a \u00e9t\u00e9 faite lors de la r\u00e9union du Comit\u00e9 directeur de la FRMF par le pr\u00e9sident de l\u2019instance f\u00e9d\u00e9rale, Fouzi Lekjaa, qui a soulign\u00e9 que les entra\u00eenements des clubs de D1 et D2 d\u00e9buteront le 25 juin en deux \u00e9tapes (entra\u00eenements individuels, entra\u00eenements collectifs), a la FRMF dans un communiqu\u00e9 publi\u00e9 mardi sur son site internet.<\/p>\n<p>Lors de cette r\u00e9union, qui a vu la participation des clubs du championnat national D1 et D2, des ligues r\u00e9gionales et des Ligues nationales du Football amateur, du football f\u00e9minin et du football diversifi\u00e9, M. Lekjaa a indiqu\u00e9 que le Comit\u00e9 a statu\u00e9 et approuv\u00e9 l\u2019ensemble des r\u00e9sultats des matchs et reprise des journ\u00e9es restantes du championnat Pro (D1, D2) saison 2019-2020 durant la p\u00e9riode allant du 12 ao\u00fbt au 13 septembre 2020.<\/p>\n<p>Lekjaa a pr\u00e9cis\u00e9 que les matches seront programm\u00e9s vendredi (deux matchs), samedi (trois matchs), dimanche (trois matchs) \u00e0 18h00, 20h00 et 22h00. Le pr\u00e9sident de la FRMF a \u00e9galement annonc\u00e9 que le coup d\u2019envoi de la saison 2020-2021 sera donn\u00e9 le 16 octobre 2020.<\/p>\n<p>Au cours de cette r\u00e9union, M. Lekjaa a affirm\u00e9 qu\u2019\u00e0 l\u2019issue des r\u00e9centes mesures de d\u00e9confinement annonc\u00e9es par les autorit\u00e9s publiques et en concertation avec les autorit\u00e9s comp\u00e9tentes, il a \u00e9t\u00e9 d\u00e9cid\u00e9 de soumettre les membres des clubs du championnat national aux tests m\u00e9dicaux selon le protocole sanitaire en vigueur.<\/p>\n<p>Par ailleurs, il a fait savoir que les entra\u00eenements des clubs de la division amateur, toutes cat\u00e9gories confondues, des Ligues r\u00e9gionales, des clubs du championnat national minime, des clubs du football f\u00e9minin et de futsal d\u00e9buteront \u00e0 partir du 15 juillet en respectant les m\u00eames mesures sanitaires et sportives prises en championnat national Pro. Les matchs de ces cat\u00e9gories reprendront le 15 ao\u00fbt 2020, a-t-il ajout\u00e9.<\/p>\n<p>Le FRMF rappelle qu\u2019en application des recommandations du conseil de l\u2019International football association board (IFAB, organe charg\u00e9 des lois du jeu, dat\u00e9es du 8 mai 2020), les clubs pourront effectuer cinq changements lors d\u2019un seul match au lieu de trois autoris\u00e9s pr\u00e9c\u00e9demment, et ce dans le cadre des mesures provisoires prises pour att\u00e9nuer l\u2019impact des matchs sur les joueurs apr\u00e8s cette pand\u00e9mie.<\/p>\n<p>La famille du football national recevra un guide d\u00e9taillant ces mesures qui sera publi\u00e9 sur le site officiel de l\u2019instance f\u00e9d\u00e9rale, ajoute la m\u00eame source.<\/p>\n<p>A l\u2019issue de cette r\u00e9union, le pr\u00e9sident de la FRMF, en compagnie des membres du Comit\u00e9 directeur, a invit\u00e9 toute la famille du football national au respect des d\u00e9cisions annonc\u00e9es au cours de cette r\u00e9union en pr\u00e9servant les int\u00e9r\u00eats de la discipline en g\u00e9n\u00e9ral et la sant\u00e9 de la jeunesse marocaine en particulier dans le cadre des mesures de pr\u00e9vention prises en coordination avec les autorit\u00e9s comp\u00e9tentes.<\/p>\n<p>Pour rappel, la FRMF a annonc\u00e9 le 14 mars la suspension de tous les matchs de football, toutes cat\u00e9gories confondues, jusqu\u2019\u00e0 nouvel ordre.<\/p>\n<p>Auteur: M&rsquo;hammed rahal<br \/>\n<a href=\"http:\/\/albayane.press.ma\/botola-pro-d1-reprise-le-24-juillet-avec-les-matches-de-mise-a-jour.html\">Cliquez ici pour lire l&rsquo;article depuis sa source.<\/a><\/p>\n","protected":false},"excerpt":{"rendered":"<p>La Botola Pro D1 va reprendre le 24 juillet \u00e0 travers la tenue des matches de mise \u00e0 jour \u00e0 huis clos, a annonc\u00e9 mardi la F\u00e9d\u00e9ration royale marocaine de football (FRMF). L\u2019annonce a \u00e9t\u00e9 faite lors de la r\u00e9union du Comit\u00e9 directeur de la FRMF par le pr\u00e9sident de l\u2019instance f\u00e9d\u00e9rale, Fouzi Lekjaa, qui [&hellip;]<\/p>\n","protected":false},"author":1760,"featured_media":0,"comment_status":"closed","ping_status":"closed","sticky":false,"template":"","format":"standard","meta":{"fifu_image_url":"","fifu_image_alt":"","footnotes":""},"categories":[73,54],"tags":[],"class_list":["post-89961","post","type-post","status-publish","format-standard","hentry","category-actualite","category-maroc"],"_links":{"self":[{"href":"https:\/\/linitiative.ca\/International\/wp-json\/wp\/v2\/posts\/89961","targetHints":{"allow":["GET"]}}],"collection":[{"href":"https:\/\/linitiative.ca\/International\/wp-json\/wp\/v2\/posts"}],"about":[{"href":"https:\/\/linitiative.ca\/International\/wp-json\/wp\/v2\/types\/post"}],"author":[{"embeddable":true,"href":"https:\/\/linitiative.ca\/International\/wp-json\/wp\/v2\/users\/1760"}],"replies":[{"embeddable":true,"href":"https:\/\/linitiative.ca\/International\/wp-json\/wp\/v2\/comments?post=89961"}],"version-history":[{"count":0,"href":"https:\/\/linitiative.ca\/International\/wp-json\/wp\/v2\/posts\/89961\/revisions"}],"wp:attachment":[{"href":"https:\/\/linitiative.ca\/International\/wp-json\/wp\/v2\/media?parent=89961"}],"wp:term":[{"taxonomy":"category","embeddable":true,"href":"https:\/\/linitiative.ca\/International\/wp-json\/wp\/v2\/categories?post=89961"},{"taxonomy":"post_tag","embeddable":true,"href":"https:\/\/linitiative.ca\/International\/wp-json\/wp\/v2\/tags?post=89961"}],"curies":[{"name":"wp","href":"https:\/\/api.w.org\/{rel}","templated":true}]}}