{"id":89962,"date":"2020-06-24T11:42:02","date_gmt":"2020-06-24T15:42:02","guid":{"rendered":"https:\/\/linitiative.ca\/International\/%ef%bb%bfkenitra-salles-omnisports-amphitheatres-et-classes-fin-prets\/"},"modified":"2020-06-24T11:42:02","modified_gmt":"2020-06-24T15:42:02","slug":"%ef%bb%bfkenitra-salles-omnisports-amphitheatres-et-classes-fin-prets","status":"publish","type":"post","link":"https:\/\/linitiative.ca\/International\/%ef%bb%bfkenitra-salles-omnisports-amphitheatres-et-classes-fin-prets\/","title":{"rendered":"\ufeffK\u00e9nitra: Salles omnisports, amphith\u00e9\u00e2tres et classes fin pr\u00eats"},"content":{"rendered":"<p class=\"has-text-color has-vivid-red-color c2\"><strong>Pour accueillir les examens du BAC<\/strong><\/p>\n<p class=\"c3\"><strong>Par Oumaima Berguig (MAP)<\/strong><\/p>\n<p class=\"has-text-color has-vivid-cyan-blue-color\"><strong>A quelques jours seulement de l\u2019examen national normalis\u00e9 du baccalaur\u00e9at au titre de l\u2019ann\u00e9e 2020, les centres d\u2019examen \u00e0 K\u00e9nitra sont d\u00e9j\u00e0 fin pr\u00eats pour accueillir les candidats, dans le plein respect des mesures de s\u00e9curit\u00e9 sanitaire impos\u00e9es pour faire face \u00e0 la Covid-19.<\/strong><\/p>\n<p>Ce rendez-vous national, pr\u00e9vu les 3 et 4 juillet pour la litt\u00e9rature et l\u2019enseignement originel et du 6 au 8 juillet pour les sciences-techniques et le bac professionnel, va se d\u00e9rouler exceptionnellement cette ann\u00e9e dans des salles de sport couvertes, reconverties en de v\u00e9ritables centres d\u2019examens et les amphith\u00e9\u00e2tres de l\u2019universit\u00e9 Ibn Tofail, en plus des classes des diff\u00e9rents \u00e9tablissements scolaires de la capitale du Gharb, avec un nombre maximum de dix candidats par classe, dans le respect total des normes sant\u00e9 et des mesures de s\u00e9curit\u00e9 sanitaire.<\/p>\n<p>Dans ce cadre, la direction provinciale de l\u2019\u00e9ducation a d\u00e9j\u00e0 mis en place une panoplie de mesures strictes et concr\u00e8tes, notamment l\u2019installation de distributeurs de gel hydroalcoolique pour la d\u00e9sinfection des mains de l\u2019ensemble des candidats et du corps professoral, la prise de temp\u00e9rature de toute personne concern\u00e9e et la mise en place de panneaux et affiches des consignes \u00e0 respecter et \u00e0 suivre \u00e0 la lettre.<\/p>\n<p>De m\u00eame, \u00e0 l\u2019int\u00e9rieur des centres d\u2019examen, que ce soit dans les amphith\u00e9\u00e2tres ou dans les salles de sport couvertes, il a \u00e9t\u00e9 proc\u00e9d\u00e9 \u00e0 la disposition des tables de mani\u00e8re \u00e0 respecter la distanciation sociale entre les candidats.<\/p>\n<p>A ce propos, le directeur provincial de l\u2019Education nationale \u00e0 K\u00e9nitra, Mohamed Oudada a indiqu\u00e9 que ces mesures ont \u00e9t\u00e9 engag\u00e9es dans le cadre de la pr\u00e9paration aux examens du baccalaur\u00e9at pour la session de juillet 2020, qui repr\u00e9sente cette ann\u00e9e une session exceptionnelle, vu la propagation de la Covid-19.\u00a0 Le minist\u00e8re de l\u2019\u00e9ducation nationale, en coordination avec plusieurs acteurs, a eu recours \u00e0 de nombreuses grandes salles, en particulier les salles sportives couvertes reconverties en des salles d\u2019examens, pour permettre aux candidats de passer leurs examens dans de bonnes conditions d\u2019hygi\u00e8ne et de s\u00e9curit\u00e9, a-t-il relev\u00e9 dans une d\u00e9claration \u00e0 la MAP, \u00e0 l\u2019occasion d\u2019une visite, mardi, \u00e0 plusieurs centres d\u2019examen, dans l\u2019objectif de veiller au bon d\u00e9roulement des pr\u00e9paratifs et des derni\u00e8res retouches pour s\u2019assurer du respect total des mesures de pr\u00e9vention et de pr\u00e9caution sanitaire.<\/p>\n<p>\u00ab\u00a0L\u2019op\u00e9ration de pr\u00e9paration, d\u2019am\u00e9nagement des salles et de num\u00e9rotation des tables ont \u00e9t\u00e9 achev\u00e9es, afin que les examens se passent dans la transparence et la lucidit\u00e9, ainsi que dans le respect total des mesures de pr\u00e9caution conform\u00e9ment au manuel de proc\u00e9dures \u00e9labor\u00e9 par le minist\u00e8re en la mati\u00e8re\u00a0\u00bb, a-t-il pr\u00e9cis\u00e9 en marge de cette visite, qui a concern\u00e9, notamment, la salle couverte omnisports la Ville haute, la salle couverte Saknia et l\u2019amphith\u00e9\u00e2tre de la facult\u00e9 des sciences \u00e9conomiques et juridiques de l\u2019universit\u00e9 Ibn Tofail.<\/p>\n<p>Par ailleurs, Souhail, un jeune candidat au bac sciences \u00e9conomiques et de gestion a confi\u00e9, dans une d\u00e9claration \u00e0 la MAP, que la pr\u00e9paration \u00e0 l\u2019examen n\u2019\u00e9tait pas chose facile pour lui, puisqu\u2019il avait l\u2019habitude d\u2019\u00e9changer et de travailler avec un groupe de d\u2019amis dans un caf\u00e9.<\/p>\n<p>\u00ab\u00a0Apr\u00e8s l\u2019annonce de l\u2019\u00e9tat d\u2019urgence \u00e0 K\u00e9nitra et la suspension des \u00e9tudes dans les \u00e9tablissements scolaires du Royaume, nous avons tout de suite cr\u00e9\u00e9, mes camarades de classe et moi, des groupes sur Facebook et WhatsApp pour pouvoir discuter et d\u00e9battre des nouveaut\u00e9s et \u00e9changer les exercices et les solutions de mani\u00e8re rapide et facile\u00a0\u00bb, a-t-il expliqu\u00e9.<\/p>\n<p>Il a, en outre, esp\u00e9r\u00e9 que l\u2019examen se d\u00e9roule dans de bonnes conditions, sans aucune contrainte ni difficult\u00e9, afin que tous les candidats puissent passer ces \u00e9preuves en toute tranquillit\u00e9.<\/p>\n<p>La session ordinaire de l\u2019examen national unifi\u00e9 du Baccalaur\u00e9at 2020 se d\u00e9roulera en deux p\u00f4les, les 03 et 04 juillet pour la Litt\u00e9rature et l\u2019enseignement originel et du 06 au 08 juillet pour les Sciences-techniques et le Bac professionnel, sachant que les sujets des examens vont se limiter aux cours dispens\u00e9s en pr\u00e9sentiel avant la suspension des \u00e9tudes, dans un souci de respect du principe d\u2019\u00e9galit\u00e9 des chances. Les r\u00e9sultats seront affich\u00e9s le 15 juillet.<\/p>\n<p>La session de rattrapage aura lieu du 22 au 24 juillet pour toutes les branches confondues et les r\u00e9sultats finaux seront annonc\u00e9s au plus tard le 29 juillet 2020.<\/p>\n<p>Auteur: M&rsquo;hammed rahal<br \/>\n<a href=\"http:\/\/albayane.press.ma\/%EF%BB%BFkenitra-salles-omnisports-amphitheatres-et-classes-fin-prets.html\">Cliquez ici pour lire l&rsquo;article depuis sa source.<\/a><\/p>\n","protected":false},"excerpt":{"rendered":"<p>Pour accueillir les examens du BAC Par Oumaima Berguig (MAP) A quelques jours seulement de l\u2019examen national normalis\u00e9 du baccalaur\u00e9at au titre de l\u2019ann\u00e9e 2020, les centres d\u2019examen \u00e0 K\u00e9nitra sont d\u00e9j\u00e0 fin pr\u00eats pour accueillir les candidats, dans le plein respect des mesures de s\u00e9curit\u00e9 sanitaire impos\u00e9es pour faire face \u00e0 la Covid-19. Ce [&hellip;]<\/p>\n","protected":false},"author":1760,"featured_media":0,"comment_status":"closed","ping_status":"closed","sticky":false,"template":"","format":"standard","meta":{"fifu_image_url":"","fifu_image_alt":"","footnotes":""},"categories":[73,54],"tags":[],"class_list":["post-89962","post","type-post","status-publish","format-standard","hentry","category-actualite","category-maroc"],"_links":{"self":[{"href":"https:\/\/linitiative.ca\/International\/wp-json\/wp\/v2\/posts\/89962","targetHints":{"allow":["GET"]}}],"collection":[{"href":"https:\/\/linitiative.ca\/International\/wp-json\/wp\/v2\/posts"}],"about":[{"href":"https:\/\/linitiative.ca\/International\/wp-json\/wp\/v2\/types\/post"}],"author":[{"embeddable":true,"href":"https:\/\/linitiative.ca\/International\/wp-json\/wp\/v2\/users\/1760"}],"replies":[{"embeddable":true,"href":"https:\/\/linitiative.ca\/International\/wp-json\/wp\/v2\/comments?post=89962"}],"version-history":[{"count":0,"href":"https:\/\/linitiative.ca\/International\/wp-json\/wp\/v2\/posts\/89962\/revisions"}],"wp:attachment":[{"href":"https:\/\/linitiative.ca\/International\/wp-json\/wp\/v2\/media?parent=89962"}],"wp:term":[{"taxonomy":"category","embeddable":true,"href":"https:\/\/linitiative.ca\/International\/wp-json\/wp\/v2\/categories?post=89962"},{"taxonomy":"post_tag","embeddable":true,"href":"https:\/\/linitiative.ca\/International\/wp-json\/wp\/v2\/tags?post=89962"}],"curies":[{"name":"wp","href":"https:\/\/api.w.org\/{rel}","templated":true}]}}