{"id":89964,"date":"2020-06-24T10:32:41","date_gmt":"2020-06-24T14:32:41","guid":{"rendered":"https:\/\/linitiative.ca\/International\/a-partir-du-27-juin-lancement-de-tunisia-business-council-worldwide\/"},"modified":"2020-06-24T10:32:41","modified_gmt":"2020-06-24T14:32:41","slug":"a-partir-du-27-juin-lancement-de-tunisia-business-council-worldwide","status":"publish","type":"post","link":"https:\/\/linitiative.ca\/International\/a-partir-du-27-juin-lancement-de-tunisia-business-council-worldwide\/","title":{"rendered":"A partir du 27 juin : Lancement de \u00ab Tunisia Business Council WorldWide \u00bb"},"content":{"rendered":"<p>Le TABC (Tunisia- Africa Business Council) lancera, le 27 juin 2020, sa nouvelle organisation, \u00ab Tunisia Business Council WorldWide \u00bb (TBCww).<\/p>\n<p>Apr\u00e8s le lancement de TABC en 2015 et le r\u00f4le qu\u2019elle a jou\u00e9 pour accompagner les entreprises en Afrique, le m\u00eame mod\u00e8le \u00e9conomique sera dupliqu\u00e9 sur les quatre autres continents (Am\u00e9rique, Europe, Asie et Australie).<\/p>\n<p>Une organisation qui viendra en appui \u00e0 la diplomatie \u00e9conomique et qui va rassembler d\u2019\u00e9minentes personnalit\u00e9s tunisiennes autour du monde, a fait savoir le TABC.<\/p>\n<p>L\u2019objectif est de contribuer au rayonnement de la Tunisie \u00e0 l\u2019international, a jout\u00e9 la m\u00eame source.<\/p>\n<p>La c\u00e9r\u00e9monie de lancement sera tenue, en pr\u00e9sence du ministre des Affaires \u00e9trang\u00e8res, des ambassadeurs accr\u00e9dit\u00e9s en Tunisie et des personnalit\u00e9s \u00e9conomiques.<\/p>\n<p>En marge de la c\u00e9r\u00e9monie seront pr\u00e9sent\u00e9s les nouveaux membres \u00e9lus du Bureau Ex\u00e9cutif et de l\u2019Advisory Board TABC, ainsi que les membres fondateurs de la nouvelle organisation TBCww.<\/p>\n<p>A noter que le TABC pr\u00e9sentera, \u00e0 cette occasion, les r\u00e9sultats de sa nouvelle \u00e9tude sur les \u00e9cosyst\u00e8mes d\u2019innovation en Afrique, \u00e9labor\u00e9e par son Think Tank.<\/p>\n<div class=\"wp-post-author-wrap wp-post-author-shortcode left\">\n<h3 class=\"awpa-title\"\/>\n<div class=\"wp-post-author\">\n<div class=\"awpa-img awpa-author-block square\"><a href=\"http:\/\/lexpertjournal.net\/fr\/?author=5\"><img loading=\"lazy\" decoding=\"async\" alt=\"\" src=\"http:\/\/0.gravatar.com\/avatar\/97f8e10a1c1125ba104a76514ee07b16?s=150&amp;d=mm&amp;r=g\" srcset=\"http:\/\/0.gravatar.com\/avatar\/97f8e10a1c1125ba104a76514ee07b16?s=300&amp;d=mm&amp;r=g 2x\" class=\"avatar avatar-150 photo\" height=\"150\" width=\"150\"\/><\/a><\/div>\n<\/div>\n<\/div>\n<aside class=\"mashsb-container mashsb-main mashsb-stretched\">\n<\/aside>\n<p>Auteur: L&rsquo;expert<br \/>\n<a href=\"http:\/\/lexpertjournal.net\/fr\/?p=15445\">Cliquez ici pour lire l&rsquo;article depuis sa source.<\/a><\/p>\n","protected":false},"excerpt":{"rendered":"<p>Le TABC (Tunisia- Africa Business Council) lancera, le 27 juin 2020, sa nouvelle organisation, \u00ab Tunisia Business Council WorldWide \u00bb (TBCww). Apr\u00e8s le lancement de TABC en 2015 et le r\u00f4le qu\u2019elle a jou\u00e9 pour accompagner les entreprises en Afrique, le m\u00eame mod\u00e8le \u00e9conomique sera dupliqu\u00e9 sur les quatre autres continents (Am\u00e9rique, Europe, Asie et [&hellip;]<\/p>\n","protected":false},"author":1775,"featured_media":0,"comment_status":"closed","ping_status":"closed","sticky":false,"template":"","format":"standard","meta":{"fifu_image_url":"","fifu_image_alt":"","footnotes":""},"categories":[78,55],"tags":[],"class_list":["post-89964","post","type-post","status-publish","format-standard","hentry","category-economie","category-tunisie"],"_links":{"self":[{"href":"https:\/\/linitiative.ca\/International\/wp-json\/wp\/v2\/posts\/89964","targetHints":{"allow":["GET"]}}],"collection":[{"href":"https:\/\/linitiative.ca\/International\/wp-json\/wp\/v2\/posts"}],"about":[{"href":"https:\/\/linitiative.ca\/International\/wp-json\/wp\/v2\/types\/post"}],"author":[{"embeddable":true,"href":"https:\/\/linitiative.ca\/International\/wp-json\/wp\/v2\/users\/1775"}],"replies":[{"embeddable":true,"href":"https:\/\/linitiative.ca\/International\/wp-json\/wp\/v2\/comments?post=89964"}],"version-history":[{"count":0,"href":"https:\/\/linitiative.ca\/International\/wp-json\/wp\/v2\/posts\/89964\/revisions"}],"wp:attachment":[{"href":"https:\/\/linitiative.ca\/International\/wp-json\/wp\/v2\/media?parent=89964"}],"wp:term":[{"taxonomy":"category","embeddable":true,"href":"https:\/\/linitiative.ca\/International\/wp-json\/wp\/v2\/categories?post=89964"},{"taxonomy":"post_tag","embeddable":true,"href":"https:\/\/linitiative.ca\/International\/wp-json\/wp\/v2\/tags?post=89964"}],"curies":[{"name":"wp","href":"https:\/\/api.w.org\/{rel}","templated":true}]}}