{"id":89965,"date":"2020-06-24T10:35:49","date_gmt":"2020-06-24T14:35:49","guid":{"rendered":"https:\/\/linitiative.ca\/International\/une-somme-de-100-mille-dollars-allouee-contribution-tunisienne-au-budget-de-lunrwa\/"},"modified":"2020-06-24T10:35:49","modified_gmt":"2020-06-24T14:35:49","slug":"une-somme-de-100-mille-dollars-allouee-contribution-tunisienne-au-budget-de-lunrwa","status":"publish","type":"post","link":"https:\/\/linitiative.ca\/International\/une-somme-de-100-mille-dollars-allouee-contribution-tunisienne-au-budget-de-lunrwa\/","title":{"rendered":"Une somme de 100 mille dollars allou\u00e9e : Contribution tunisienne au budget de l\u2019UNRWA"},"content":{"rendered":"<p>La Tunisie a annonc\u00e9, lors de la conf\u00e9rence minist\u00e9rielle virtuelle extraordinaire des donateurs relative au financement de l\u2019Office de secours et de travaux des Nations unies pour les r\u00e9fugi\u00e9s de Palestine dans le Proche-Orient (UNRWA), sa contribution financi\u00e8re \u00e0 hauteur de 100 mille dollars dans le budget de cet organisme.<\/p>\n<p>Cette contribution a \u00e9t\u00e9 d\u00e9cid\u00e9 par le pr\u00e9sident de la R\u00e9publique Ka\u00efs Sa\u00efed, indique mercredi le d\u00e9partement des Affaires \u00e9trang\u00e8res.<\/p>\n<p>Lors d\u2019une allocution prononc\u00e9e, mardi, au nom du ministre des Affaires \u00e9trang\u00e8res, la secr\u00e9taire d\u2019Etat aux Affaires \u00e9trang\u00e8res Salma Enne\u00effer, a exhort\u00e9 la communaut\u00e9 internationale \u00e0 \u00ab unir ses efforts pour secourir le peuple palestinien \u00bb.<\/p>\n<p>Enne\u00effer a mis l\u2019accent, dans son intervention, sur le r\u00f4le vital de l\u2019UNRWA pour all\u00e9ger la souffrance des r\u00e9fugi\u00e9s palestiniens \u00e0 travers les programmes d\u2019\u00e9ducation, de sant\u00e9 et de secours, surtout dans ce contexte difficile marqu\u00e9 par la propagation du Covid-19.<\/p>\n<p>La secr\u00e9taire d\u2019Etat a rappel\u00e9, \u00e0 cet effet, la position constante de la Tunisie, qui demeure au c\u00f4t\u00e9 du peuple palestinien fr\u00e8re dans sa lutte pour recouvrer ses droits l\u00e9gitimes et \u00e9difier son \u00e9tat ind\u00e9pendant et souverain dans les fronti\u00e8res du 4 juin 1967 avec pour capital Al-Qods.<\/p>\n<p>Il est question, \u00e9galement, de mettre fin \u00e0 l\u2019occupation des territoires palestiniens, de garantir le respect du droit international et les r\u00e9solutions de la l\u00e9gitimit\u00e9 internationale, d\u2019emp\u00eacher l\u2019annexion de nouveaux territoires palestiniens par Isra\u00ebl et de redoubler les efforts pour relancer le processus de paix sur le principe de la solution \u00e0 deux Etats.<\/p>\n<p>La conf\u00e9rence s\u2019est tenue sous le signe d\u2019 \u00bbUne UNRWA forte dans un monde plein de d\u00e9fis \u2013 mobiliser l\u2019action collective \u00bb.<\/p>\n<div class=\"wp-post-author-wrap wp-post-author-shortcode left\">\n<h3 class=\"awpa-title\"\/>\n<div class=\"wp-post-author\">\n<div class=\"awpa-img awpa-author-block square\"><a href=\"http:\/\/lexpertjournal.net\/fr\/?author=5\"><img loading=\"lazy\" decoding=\"async\" alt=\"\" src=\"http:\/\/0.gravatar.com\/avatar\/97f8e10a1c1125ba104a76514ee07b16?s=150&amp;d=mm&amp;r=g\" srcset=\"http:\/\/0.gravatar.com\/avatar\/97f8e10a1c1125ba104a76514ee07b16?s=300&amp;d=mm&amp;r=g 2x\" class=\"avatar avatar-150 photo\" height=\"150\" width=\"150\"\/><\/a><\/div>\n<\/div>\n<\/div>\n<aside class=\"mashsb-container mashsb-main mashsb-stretched\">\n<\/aside>\n<p>Auteur: L&rsquo;expert<br \/>\n<a href=\"http:\/\/lexpertjournal.net\/fr\/?p=15448\">Cliquez ici pour lire l&rsquo;article depuis sa source.<\/a><\/p>\n","protected":false},"excerpt":{"rendered":"<p>La Tunisie a annonc\u00e9, lors de la conf\u00e9rence minist\u00e9rielle virtuelle extraordinaire des donateurs relative au financement de l\u2019Office de secours et de travaux des Nations unies pour les r\u00e9fugi\u00e9s de Palestine dans le Proche-Orient (UNRWA), sa contribution financi\u00e8re \u00e0 hauteur de 100 mille dollars dans le budget de cet organisme. Cette contribution a \u00e9t\u00e9 d\u00e9cid\u00e9 [&hellip;]<\/p>\n","protected":false},"author":1775,"featured_media":0,"comment_status":"closed","ping_status":"closed","sticky":false,"template":"","format":"standard","meta":{"fifu_image_url":"","fifu_image_alt":"","footnotes":""},"categories":[78,55],"tags":[],"class_list":["post-89965","post","type-post","status-publish","format-standard","hentry","category-economie","category-tunisie"],"_links":{"self":[{"href":"https:\/\/linitiative.ca\/International\/wp-json\/wp\/v2\/posts\/89965","targetHints":{"allow":["GET"]}}],"collection":[{"href":"https:\/\/linitiative.ca\/International\/wp-json\/wp\/v2\/posts"}],"about":[{"href":"https:\/\/linitiative.ca\/International\/wp-json\/wp\/v2\/types\/post"}],"author":[{"embeddable":true,"href":"https:\/\/linitiative.ca\/International\/wp-json\/wp\/v2\/users\/1775"}],"replies":[{"embeddable":true,"href":"https:\/\/linitiative.ca\/International\/wp-json\/wp\/v2\/comments?post=89965"}],"version-history":[{"count":0,"href":"https:\/\/linitiative.ca\/International\/wp-json\/wp\/v2\/posts\/89965\/revisions"}],"wp:attachment":[{"href":"https:\/\/linitiative.ca\/International\/wp-json\/wp\/v2\/media?parent=89965"}],"wp:term":[{"taxonomy":"category","embeddable":true,"href":"https:\/\/linitiative.ca\/International\/wp-json\/wp\/v2\/categories?post=89965"},{"taxonomy":"post_tag","embeddable":true,"href":"https:\/\/linitiative.ca\/International\/wp-json\/wp\/v2\/tags?post=89965"}],"curies":[{"name":"wp","href":"https:\/\/api.w.org\/{rel}","templated":true}]}}