{"id":89966,"date":"2020-06-24T10:38:50","date_gmt":"2020-06-24T14:38:50","guid":{"rendered":"https:\/\/linitiative.ca\/International\/denoncant-les-discours-populistes-lutica-condamne-des-campagnes-de-denigrement-ciblant-les-investisseurs\/"},"modified":"2020-06-24T10:38:50","modified_gmt":"2020-06-24T14:38:50","slug":"denoncant-les-discours-populistes-lutica-condamne-des-campagnes-de-denigrement-ciblant-les-investisseurs","status":"publish","type":"post","link":"https:\/\/linitiative.ca\/International\/denoncant-les-discours-populistes-lutica-condamne-des-campagnes-de-denigrement-ciblant-les-investisseurs\/","title":{"rendered":"D\u00e9non\u00e7ant les discours populistes : L\u2019UTICA condamne \u00ab des campagnes de d\u00e9nigrement ciblant les investisseurs \u00bb"},"content":{"rendered":"<p>L\u2019UTICA a condamn\u00e9 fermement les campagnes de d\u00e9nigrement ciblant les investisseurs et les chefs d\u2019entreprises qui exercent conform\u00e9ment aux lois en vigueur.<\/p>\n<p>L\u2019organisation patronale a mis en garde, mercredi, dans un communiqu\u00e9, contre \u00ab le discours populiste et les pratiques, qui auront des r\u00e9percussions n\u00e9gatives sur l\u2019investissement national et \u00e9tranger, et par cons\u00e9quence sur la cr\u00e9ation de nouveaux emplois, ainsi que sur la r\u00e9putation de la Tunisie \u00bb.<\/p>\n<p>Elle a rappel\u00e9, \u00e0 cet effet, que le pouvoir judiciaire demeure la seule partie habilit\u00e9e \u00e0 traiter avec les soup\u00e7ons de corruption et de violations de la loi, appelant \u00e0 \u00ab \u00e9viter tout ce qui pourrait empoisonner le climat Affaires \u00bb et \u00e0 \u0153uvrer, au contraire, pour am\u00e9liorer le climat d\u2019affaires en Tunisie et encourager les investisseurs \u00e0 r\u00e9investir leurs argents et \u00e0 \u00e9tendre leurs projets.<\/p>\n<p>L\u2019UTICA recommande aussi d\u2019encourager l\u2019initiative priv\u00e9e, garantir un climat de stabilit\u00e9 sociale et politique et \u00e9viter les tensions politiques pour se concentrer sur le dossier socio-\u00e9conomique et en faire une priorit\u00e9 absolue.<\/p>\n<div class=\"wp-post-author-wrap wp-post-author-shortcode left\">\n<h3 class=\"awpa-title\"\/>\n<div class=\"wp-post-author\">\n<div class=\"awpa-img awpa-author-block square\"><a href=\"http:\/\/lexpertjournal.net\/fr\/?author=5\"><img loading=\"lazy\" decoding=\"async\" alt=\"\" src=\"http:\/\/0.gravatar.com\/avatar\/97f8e10a1c1125ba104a76514ee07b16?s=150&amp;d=mm&amp;r=g\" srcset=\"http:\/\/0.gravatar.com\/avatar\/97f8e10a1c1125ba104a76514ee07b16?s=300&amp;d=mm&amp;r=g 2x\" class=\"avatar avatar-150 photo\" height=\"150\" width=\"150\"\/><\/a><\/div>\n<\/div>\n<\/div>\n<aside class=\"mashsb-container mashsb-main mashsb-stretched\">\n<\/aside>\n<p>Auteur: L&rsquo;expert<br \/>\n<a href=\"http:\/\/lexpertjournal.net\/fr\/?p=15451\">Cliquez ici pour lire l&rsquo;article depuis sa source.<\/a><\/p>\n","protected":false},"excerpt":{"rendered":"<p>L\u2019UTICA a condamn\u00e9 fermement les campagnes de d\u00e9nigrement ciblant les investisseurs et les chefs d\u2019entreprises qui exercent conform\u00e9ment aux lois en vigueur. L\u2019organisation patronale a mis en garde, mercredi, dans un communiqu\u00e9, contre \u00ab le discours populiste et les pratiques, qui auront des r\u00e9percussions n\u00e9gatives sur l\u2019investissement national et \u00e9tranger, et par cons\u00e9quence sur la [&hellip;]<\/p>\n","protected":false},"author":1775,"featured_media":0,"comment_status":"closed","ping_status":"closed","sticky":false,"template":"","format":"standard","meta":{"fifu_image_url":"","fifu_image_alt":"","footnotes":""},"categories":[78,55],"tags":[],"class_list":["post-89966","post","type-post","status-publish","format-standard","hentry","category-economie","category-tunisie"],"_links":{"self":[{"href":"https:\/\/linitiative.ca\/International\/wp-json\/wp\/v2\/posts\/89966","targetHints":{"allow":["GET"]}}],"collection":[{"href":"https:\/\/linitiative.ca\/International\/wp-json\/wp\/v2\/posts"}],"about":[{"href":"https:\/\/linitiative.ca\/International\/wp-json\/wp\/v2\/types\/post"}],"author":[{"embeddable":true,"href":"https:\/\/linitiative.ca\/International\/wp-json\/wp\/v2\/users\/1775"}],"replies":[{"embeddable":true,"href":"https:\/\/linitiative.ca\/International\/wp-json\/wp\/v2\/comments?post=89966"}],"version-history":[{"count":0,"href":"https:\/\/linitiative.ca\/International\/wp-json\/wp\/v2\/posts\/89966\/revisions"}],"wp:attachment":[{"href":"https:\/\/linitiative.ca\/International\/wp-json\/wp\/v2\/media?parent=89966"}],"wp:term":[{"taxonomy":"category","embeddable":true,"href":"https:\/\/linitiative.ca\/International\/wp-json\/wp\/v2\/categories?post=89966"},{"taxonomy":"post_tag","embeddable":true,"href":"https:\/\/linitiative.ca\/International\/wp-json\/wp\/v2\/tags?post=89966"}],"curies":[{"name":"wp","href":"https:\/\/api.w.org\/{rel}","templated":true}]}}