{"id":89967,"date":"2020-06-24T10:41:14","date_gmt":"2020-06-24T14:41:14","guid":{"rendered":"https:\/\/linitiative.ca\/International\/migration-irreguliere-731-tunisiens-ont-atteint-les-cotes-europeennes\/"},"modified":"2020-06-24T10:41:14","modified_gmt":"2020-06-24T14:41:14","slug":"migration-irreguliere-731-tunisiens-ont-atteint-les-cotes-europeennes","status":"publish","type":"post","link":"https:\/\/linitiative.ca\/International\/migration-irreguliere-731-tunisiens-ont-atteint-les-cotes-europeennes\/","title":{"rendered":"Migration irr\u00e9guli\u00e8re :  731 Tunisiens ont atteint les c\u00f4tes europ\u00e9ennes"},"content":{"rendered":"<p>Quelque 731 migrants irr\u00e9guliers tunisiens ont atteint les c\u00f4tes europ\u00e9ennes pendant les 100 premiers jours du gouvernement, soit du 27 f\u00e9vrier au 05 juin 2020, a annonc\u00e9 hier le Forum tunisien pour les droits \u00e9conomiques et sociaux (FTDES).<\/p>\n<p>Selon la m\u00eame source, pendant cette m\u00eame p\u00e9riode, 96 op\u00e9rations de migration irr\u00e9guli\u00e8re vers les c\u00f4tes europ\u00e9ennes ont \u00e9t\u00e9 mises \u00e0 l\u2019\u00e9chec et 858 migrants irr\u00e9guliers tunisiens ont \u00e9t\u00e9 emp\u00each\u00e9s de franchir les fronti\u00e8res maritimes.<\/p>\n<p>Le FTDES pr\u00e9cise que ces statistiques ont \u00e9t\u00e9 collect\u00e9es \u00e0 partir des communiqu\u00e9s du minist\u00e8re de l\u2019int\u00e9rieur, des statistiques du minist\u00e8re de l\u2019int\u00e9rieur italien, de l\u2019organisation internationale pour les migrations (OIM) et du Haut-Commissariat des Nations Unies pour les R\u00e9fugi\u00e9s (UNHCR).<\/p>\n<div class=\"wp-post-author-wrap wp-post-author-shortcode left\">\n<h3 class=\"awpa-title\"\/>\n<div class=\"wp-post-author\">\n<div class=\"awpa-img awpa-author-block square\"><a href=\"http:\/\/lexpertjournal.net\/fr\/?author=5\"><img loading=\"lazy\" decoding=\"async\" alt=\"\" src=\"http:\/\/0.gravatar.com\/avatar\/97f8e10a1c1125ba104a76514ee07b16?s=150&amp;d=mm&amp;r=g\" srcset=\"http:\/\/0.gravatar.com\/avatar\/97f8e10a1c1125ba104a76514ee07b16?s=300&amp;d=mm&amp;r=g 2x\" class=\"avatar avatar-150 photo\" height=\"150\" width=\"150\"\/><\/a><\/div>\n<\/div>\n<\/div>\n<aside class=\"mashsb-container mashsb-main mashsb-stretched\">\n<\/aside>\n<p>Auteur: L&rsquo;expert<br \/>\n<a href=\"http:\/\/lexpertjournal.net\/fr\/?p=15454\">Cliquez ici pour lire l&rsquo;article depuis sa source.<\/a><\/p>\n","protected":false},"excerpt":{"rendered":"<p>Quelque 731 migrants irr\u00e9guliers tunisiens ont atteint les c\u00f4tes europ\u00e9ennes pendant les 100 premiers jours du gouvernement, soit du 27 f\u00e9vrier au 05 juin 2020, a annonc\u00e9 hier le Forum tunisien pour les droits \u00e9conomiques et sociaux (FTDES). Selon la m\u00eame source, pendant cette m\u00eame p\u00e9riode, 96 op\u00e9rations de migration irr\u00e9guli\u00e8re vers les c\u00f4tes europ\u00e9ennes [&hellip;]<\/p>\n","protected":false},"author":1775,"featured_media":0,"comment_status":"closed","ping_status":"closed","sticky":false,"template":"","format":"standard","meta":{"fifu_image_url":"","fifu_image_alt":"","footnotes":""},"categories":[78,55],"tags":[],"class_list":["post-89967","post","type-post","status-publish","format-standard","hentry","category-economie","category-tunisie"],"_links":{"self":[{"href":"https:\/\/linitiative.ca\/International\/wp-json\/wp\/v2\/posts\/89967","targetHints":{"allow":["GET"]}}],"collection":[{"href":"https:\/\/linitiative.ca\/International\/wp-json\/wp\/v2\/posts"}],"about":[{"href":"https:\/\/linitiative.ca\/International\/wp-json\/wp\/v2\/types\/post"}],"author":[{"embeddable":true,"href":"https:\/\/linitiative.ca\/International\/wp-json\/wp\/v2\/users\/1775"}],"replies":[{"embeddable":true,"href":"https:\/\/linitiative.ca\/International\/wp-json\/wp\/v2\/comments?post=89967"}],"version-history":[{"count":0,"href":"https:\/\/linitiative.ca\/International\/wp-json\/wp\/v2\/posts\/89967\/revisions"}],"wp:attachment":[{"href":"https:\/\/linitiative.ca\/International\/wp-json\/wp\/v2\/media?parent=89967"}],"wp:term":[{"taxonomy":"category","embeddable":true,"href":"https:\/\/linitiative.ca\/International\/wp-json\/wp\/v2\/categories?post=89967"},{"taxonomy":"post_tag","embeddable":true,"href":"https:\/\/linitiative.ca\/International\/wp-json\/wp\/v2\/tags?post=89967"}],"curies":[{"name":"wp","href":"https:\/\/api.w.org\/{rel}","templated":true}]}}