{"id":89975,"date":"2020-06-24T08:11:00","date_gmt":"2020-06-24T12:11:00","guid":{"rendered":"https:\/\/linitiative.ca\/International\/le-rcd-evoque-des-supputations-evasives-et-denonce-une-persecution-politique\/"},"modified":"2020-06-24T08:11:00","modified_gmt":"2020-06-24T12:11:00","slug":"le-rcd-evoque-des-supputations-evasives-et-denonce-une-persecution-politique","status":"publish","type":"post","link":"https:\/\/linitiative.ca\/International\/le-rcd-evoque-des-supputations-evasives-et-denonce-une-persecution-politique\/","title":{"rendered":"Le RCD \u00e9voque des \u00absupputations  \u00e9vasives\u00bb et d\u00e9nonce une \u00abpers\u00e9cution politique\u00bb"},"content":{"rendered":"<div id=\"originalText\" readability=\"83\">\n<p>Le pr\u00e9sident du RCD, Mohcine Belabas, a r\u00e9agi \u00e0 travers un communiqu\u00e9 rendu public, ce mercredi,\u00a0 \u00e0 la \u00abmise en demeure\u00bb du secr\u00e9taire g\u00e9n\u00e9ral du minist\u00e8re de l\u2019int\u00e9rieur, \u00able sommant de renoncer \u00e0 son activit\u00e9 politique sous peine d\u2019engager une proc\u00e9dure de dissolution\u00bb de son parti.<\/p>\n<p>\u00ab\u00a0Fuit\u00e9e dans les bras m\u00e9diatiques de la police politique par l\u2019administration du minist\u00e8re de l\u2019Int\u00e9rieur, le courrier en question liste une s\u00e9rie de supputations \u00e9vasives sans aucune pr\u00e9cision sur les faits, dates, lieux et autres personnes \u00e9ventuellement incrimin\u00e9es par ce texte\u00a0\u00bb, est-il soulign\u00e9 dans le \u00a0communiqu\u00e9.<\/p>\n<p>Pour le RCD, cette missive\u00a0 \u00ab vient en violation de la Constitution en vigueur et des lois qui garantissent l\u2019exercice des activit\u00e9s politiques et partisanes pour tout parti l\u00e9gal\u00a0\u00bb.<\/p>\n<p>\u00abEn v\u00e9rit\u00e9\u00bb, soutient le parti, \u00ab le coup de force du 12 d\u00e9cembre 2019\u00bb ne pouvant \u00ab s\u2019accommoder de demies mesures\u00bb, et \u00ab\u00e0 d\u00e9faut de l\u00e9gitimit\u00e9 d\u00e9mocratique et de comp\u00e9tence politique\u00bb, \u00ables dirigeants de fait pensent pouvoir assurer la p\u00e9rennit\u00e9 d\u2019un syst\u00e8me mafieux honni par l\u2019\u00e9crasante majorit\u00e9 des Alg\u00e9riens par la r\u00e9pression politique, la restriction des libert\u00e9s publiques en termes de presse, de r\u00e9unions, la violation des droits de l\u2019Homme et, bien \u00e9videmment, la remise en cause du multipartisme\u00bb.<\/p>\n<p>Le pr\u00e9sident du\u00a0 rassemblement pour la culture et la d\u00e9mocratie assure, \u00e0 cet effet, que \u00ab\u00a0 le RCD ne se r\u00e9duit pas \u00e0 un agr\u00e9ment ou \u00e0 des locaux\u00a0\u00bb, et qu\u2019il est \u00abd\u2019abord un courant de pens\u00e9e, une histoire dans le combat d\u00e9mocratique et un id\u00e9al de soci\u00e9t\u00e9 partag\u00e9 par des milliers d\u2019Alg\u00e9riennes et d\u2019Alg\u00e9riens\u00a0\u00bb.<\/p>\n<p>Aussi, que \u00ab\u00a0 pour la dictature en place\u00a0\u00bb, il s\u2019agit d\u00e9sormais \u00ab\u00a0de pers\u00e9cution politique et de lynchage m\u00e9diatique dans le but de porter atteinte \u00e0 l\u2019image d\u2019un parti qui refuse de monnayer son autonomie d\u00e9cisionnelle et sa d\u00e9termination \u00e0 continuer la lutte pacifique pour une Alg\u00e9rie libre et d\u00e9mocratique\u00a0\u00bb.<\/p>\n<p class=\"c6\"><strong>Kenza Sifi<\/strong><\/p>\n<\/div>\n<div id=\"text_core\" readability=\"83\">\n<p>Le pr\u00e9sident du RCD, Mohcine Belabas, a r\u00e9agi \u00e0 travers un communiqu\u00e9 rendu public, ce mercredi,\u00a0 \u00e0 la \u00abmise en demeure\u00bb du secr\u00e9taire g\u00e9n\u00e9ral du minist\u00e8re de l\u2019int\u00e9rieur, \u00able sommant de renoncer \u00e0 son activit\u00e9 politique sous peine d\u2019engager une proc\u00e9dure de dissolution\u00bb de son parti.<\/p>\n<p>\u00ab\u00a0Fuit\u00e9e dans les bras m\u00e9diatiques de la police politique par l\u2019administration du minist\u00e8re de l\u2019Int\u00e9rieur, le courrier en question liste une s\u00e9rie de supputations \u00e9vasives sans aucune pr\u00e9cision sur les faits, dates, lieux et autres personnes \u00e9ventuellement incrimin\u00e9es par ce texte\u00a0\u00bb, est-il soulign\u00e9 dans le \u00a0communiqu\u00e9.<\/p>\n<p>Pour le RCD, cette missive\u00a0 \u00ab vient en violation de la Constitution en vigueur et des lois qui garantissent l\u2019exercice des activit\u00e9s politiques et partisanes pour tout parti l\u00e9gal\u00a0\u00bb.<\/p>\n<p>\u00abEn v\u00e9rit\u00e9\u00bb, soutient le parti, \u00ab le coup de force du 12 d\u00e9cembre 2019\u00bb ne pouvant \u00ab s\u2019accommoder de demies mesures\u00bb, et \u00ab\u00e0 d\u00e9faut de l\u00e9gitimit\u00e9 d\u00e9mocratique et de comp\u00e9tence politique\u00bb, \u00ables dirigeants de fait pensent pouvoir assurer la p\u00e9rennit\u00e9 d\u2019un syst\u00e8me mafieux honni par l\u2019\u00e9crasante majorit\u00e9 des Alg\u00e9riens par la r\u00e9pression politique, la restriction des libert\u00e9s publiques en termes de presse, de r\u00e9unions, la violation des droits de l\u2019Homme et, bien \u00e9videmment, la remise en cause du multipartisme\u00bb.<\/p>\n<p>Le pr\u00e9sident du\u00a0 rassemblement pour la culture et la d\u00e9mocratie assure, \u00e0 cet effet, que \u00ab\u00a0 le RCD ne se r\u00e9duit pas \u00e0 un agr\u00e9ment ou \u00e0 des locaux\u00a0\u00bb, et qu\u2019il est \u00abd\u2019abord un courant de pens\u00e9e, une histoire dans le combat d\u00e9mocratique et un id\u00e9al de soci\u00e9t\u00e9 partag\u00e9 par des milliers d\u2019Alg\u00e9riennes et d\u2019Alg\u00e9riens\u00a0\u00bb.<\/p>\n<p>Aussi, que \u00ab\u00a0 pour la dictature en place\u00a0\u00bb, il s\u2019agit d\u00e9sormais \u00ab\u00a0de pers\u00e9cution politique et de lynchage m\u00e9diatique dans le but de porter atteinte \u00e0 l\u2019image d\u2019un parti qui refuse de monnayer son autonomie d\u00e9cisionnelle et sa d\u00e9termination \u00e0 continuer la lutte pacifique pour une Alg\u00e9rie libre et d\u00e9mocratique\u00a0\u00bb.<\/p>\n<p class=\"c6\"><strong>Kenza Sifi<\/strong><\/p>\n<\/div>\n<p>Auteur:<br \/>\n<a href=\"https:\/\/www.liberte-algerie.com\/actualite\/le-rcd-evoque-des-supputations-evasives-et-denonce-une-persecution-politique-340867\">Cliquez ici pour lire l&rsquo;article depuis sa source.<\/a><\/p>\n","protected":false},"excerpt":{"rendered":"<p>Le pr\u00e9sident du RCD, Mohcine Belabas, a r\u00e9agi \u00e0 travers un communiqu\u00e9 rendu public, ce mercredi,\u00a0 \u00e0 la \u00abmise en demeure\u00bb du secr\u00e9taire g\u00e9n\u00e9ral du minist\u00e8re de l\u2019int\u00e9rieur, \u00able sommant de renoncer \u00e0 son activit\u00e9 politique sous peine d\u2019engager une proc\u00e9dure de dissolution\u00bb de son parti. \u00ab\u00a0Fuit\u00e9e dans les bras m\u00e9diatiques de la police politique [&hellip;]<\/p>\n","protected":false},"author":1742,"featured_media":0,"comment_status":"closed","ping_status":"closed","sticky":false,"template":"","format":"standard","meta":{"fifu_image_url":"","fifu_image_alt":"","footnotes":""},"categories":[73,53],"tags":[],"class_list":["post-89975","post","type-post","status-publish","format-standard","hentry","category-actualite","category-algerie"],"_links":{"self":[{"href":"https:\/\/linitiative.ca\/International\/wp-json\/wp\/v2\/posts\/89975","targetHints":{"allow":["GET"]}}],"collection":[{"href":"https:\/\/linitiative.ca\/International\/wp-json\/wp\/v2\/posts"}],"about":[{"href":"https:\/\/linitiative.ca\/International\/wp-json\/wp\/v2\/types\/post"}],"author":[{"embeddable":true,"href":"https:\/\/linitiative.ca\/International\/wp-json\/wp\/v2\/users\/1742"}],"replies":[{"embeddable":true,"href":"https:\/\/linitiative.ca\/International\/wp-json\/wp\/v2\/comments?post=89975"}],"version-history":[{"count":0,"href":"https:\/\/linitiative.ca\/International\/wp-json\/wp\/v2\/posts\/89975\/revisions"}],"wp:attachment":[{"href":"https:\/\/linitiative.ca\/International\/wp-json\/wp\/v2\/media?parent=89975"}],"wp:term":[{"taxonomy":"category","embeddable":true,"href":"https:\/\/linitiative.ca\/International\/wp-json\/wp\/v2\/categories?post=89975"},{"taxonomy":"post_tag","embeddable":true,"href":"https:\/\/linitiative.ca\/International\/wp-json\/wp\/v2\/tags?post=89975"}],"curies":[{"name":"wp","href":"https:\/\/api.w.org\/{rel}","templated":true}]}}