{"id":89979,"date":"2020-06-24T07:00:23","date_gmt":"2020-06-24T11:00:23","guid":{"rendered":"https:\/\/linitiative.ca\/International\/bac-laref-adopte-un-protocole-sanitaire-au-profit-des-candidats\/"},"modified":"2020-06-24T07:00:23","modified_gmt":"2020-06-24T11:00:23","slug":"bac-laref-adopte-un-protocole-sanitaire-au-profit-des-candidats","status":"publish","type":"post","link":"https:\/\/linitiative.ca\/International\/bac-laref-adopte-un-protocole-sanitaire-au-profit-des-candidats\/","title":{"rendered":"Bac: L\u2019AREF adopte un protocole sanitaire au profit des candidats"},"content":{"rendered":"<div readability=\"36\">\n<p>Marrakech \u2013 L\u2019Acad\u00e9mie R\u00e9gionale de l\u2019Education et de la Formation (AREF) de Marrakech-Safi a adopt\u00e9 un protocole sanitaire, en vue de pr\u00e9server la s\u00e9curit\u00e9 sanitaire des candidats et de l\u2019ensemble des intervenants dans l\u2019organisation des examens du baccalaur\u00e9at (Session juillet 2020).<\/p>\n<\/div>\n<div readability=\"83\">\n<p>Ainsi, l\u2019AREF a \u00e9labor\u00e9 et adopt\u00e9 un protocole sanitaire strict au sein des centres d\u2019impression et de reproduction, ceux des examens, ou encore de correction et de d\u00e9lib\u00e9ration, afin d\u2019enrayer la propagation de la Covid-19 parmi toutes les parties concern\u00e9es par ces \u00e9ch\u00e9ances nationales.<\/p>\n<p>Ce protocole permettra la soumission des cadres charg\u00e9s de la gestion des examens au niveau r\u00e9gional et provincial aux tests de d\u00e9pistage de la Covid-19, la prise permanente de la temp\u00e9rature et la st\u00e9rilisation continue des locaux, ainsi que le respect de la distanciation physique et la mise \u00e0 disposition des moyens de protection et de d\u00e9sinfection.<\/p>\n<p>Ce protocole sera applicable au niveau de tous les centres concern\u00e9s par cette op\u00e9ration, outre l\u2019adoption d\u2019un plan r\u00e9gional pour la communication, la mobilisation et la sensibilisation.<\/p>\n<p>Ledit protocole pr\u00e9voit \u00e9galement une batterie de mesures pr\u00e9ventives au sein de l\u2019ensemble des centres, notamment la st\u00e9rilisation des espaces de travail, des \u00e9quipements, des sanitaires et des moyens de transport, la prise de la temp\u00e9rature, le respect de la distanciation spatiale (au moins 1,5 m\u00e8tre) et le port des masques de protection et des gants\u2026<\/p>\n<p>Pour une meilleure mise en oeuvre de ces mesures, l\u2019Acad\u00e9mie a mis en place un plan de communication bas\u00e9 sur la mobilisation des partenaires, en l\u2019occurrence les autorit\u00e9s locales, les conseils \u00e9lus, les services ext\u00e9rieurs, les \u00e9tablissements universitaires et les associations des parents et tuteurs des \u00e9l\u00e8ves.<\/p>\n<p>Ce plan repose, en outre, sur l\u2019implication des m\u00e9dias audiovisuels et des r\u00e9seaux sociaux et l\u2019\u00e9laboration et la diffusion d\u2019un guipe des mesures pr\u00e9ventives, en vue d\u2019\u00e9viter toute \u00e9ventuelle contamination au coronavirus.<\/p>\n<p>Un total de 50.372 candidats passeront la session normale de l\u2019examen national unifi\u00e9 du baccalaur\u00e9at au titre de l\u2019ann\u00e9e scolaire 2019-2020 dans la r\u00e9gion de Marrakech-Safi, rappelle-t-on.<\/p>\n<\/div>\n<p>Auteur: Meriem IGASS<br \/>\n<a href=\"http:\/\/www.mapmarrakech.ma\/fr\/bac-adoption-dun-protocole-sanitaire-relatif-a-lorganisation-des-examens\/\">Cliquez ici pour lire l&rsquo;article depuis sa source.<\/a><\/p>\n","protected":false},"excerpt":{"rendered":"<p>Marrakech \u2013 L\u2019Acad\u00e9mie R\u00e9gionale de l\u2019Education et de la Formation (AREF) de Marrakech-Safi a adopt\u00e9 un protocole sanitaire, en vue de pr\u00e9server la s\u00e9curit\u00e9 sanitaire des candidats et de l\u2019ensemble des intervenants dans l\u2019organisation des examens du baccalaur\u00e9at (Session juillet 2020). Ainsi, l\u2019AREF a \u00e9labor\u00e9 et adopt\u00e9 un protocole sanitaire strict au sein des centres [&hellip;]<\/p>\n","protected":false},"author":1788,"featured_media":0,"comment_status":"closed","ping_status":"closed","sticky":false,"template":"","format":"standard","meta":{"fifu_image_url":"","fifu_image_alt":"","footnotes":""},"categories":[54,76],"tags":[],"class_list":["post-89979","post","type-post","status-publish","format-standard","hentry","category-maroc","category-regions"],"_links":{"self":[{"href":"https:\/\/linitiative.ca\/International\/wp-json\/wp\/v2\/posts\/89979","targetHints":{"allow":["GET"]}}],"collection":[{"href":"https:\/\/linitiative.ca\/International\/wp-json\/wp\/v2\/posts"}],"about":[{"href":"https:\/\/linitiative.ca\/International\/wp-json\/wp\/v2\/types\/post"}],"author":[{"embeddable":true,"href":"https:\/\/linitiative.ca\/International\/wp-json\/wp\/v2\/users\/1788"}],"replies":[{"embeddable":true,"href":"https:\/\/linitiative.ca\/International\/wp-json\/wp\/v2\/comments?post=89979"}],"version-history":[{"count":0,"href":"https:\/\/linitiative.ca\/International\/wp-json\/wp\/v2\/posts\/89979\/revisions"}],"wp:attachment":[{"href":"https:\/\/linitiative.ca\/International\/wp-json\/wp\/v2\/media?parent=89979"}],"wp:term":[{"taxonomy":"category","embeddable":true,"href":"https:\/\/linitiative.ca\/International\/wp-json\/wp\/v2\/categories?post=89979"},{"taxonomy":"post_tag","embeddable":true,"href":"https:\/\/linitiative.ca\/International\/wp-json\/wp\/v2\/tags?post=89979"}],"curies":[{"name":"wp","href":"https:\/\/api.w.org\/{rel}","templated":true}]}}