{"id":89980,"date":"2020-06-24T08:20:05","date_gmt":"2020-06-24T12:20:05","guid":{"rendered":"https:\/\/linitiative.ca\/International\/des-cahiers-de-soutien-pedagogique-a-plus-de-12-300-eleves\/"},"modified":"2020-06-24T08:20:05","modified_gmt":"2020-06-24T12:20:05","slug":"des-cahiers-de-soutien-pedagogique-a-plus-de-12-300-eleves","status":"publish","type":"post","link":"https:\/\/linitiative.ca\/International\/des-cahiers-de-soutien-pedagogique-a-plus-de-12-300-eleves\/","title":{"rendered":"Des cahiers de soutien p\u00e9dagogique \u00e0 plus de 12.300 \u00e9l\u00e8ves"},"content":{"rendered":"<div readability=\"36\">\n<p>Essaouira \u2013 La Direction Provinciale de l\u2019Education Nationale \u00e0 Essaouira a annonc\u00e9, lundi, avoir distribu\u00e9 des cahiers de soutien p\u00e9dagogique \u00e0 12.319 \u00e9l\u00e8ves dans des \u00e9tablissements scolaires en milieu rural au niveau de la province.<\/p>\n<\/div>\n<div readability=\"71\">\n<p>Ces \u00e9l\u00e8ves sont r\u00e9partis sur 48 \u00e9tablissements scolaires relevant de 18 communes rurales \u00e0 l\u2019\u00e9chelle de la province d\u2019Essaouira, a pr\u00e9cis\u00e9 la Direction, notant que ces cahiers concernent les mati\u00e8res des langues arabe et fran\u00e7aise et des math\u00e9matiques.<\/p>\n<p>Dans une d\u00e9claration \u00e0 la MAP, le Directeur Provincial de l\u2019Education Nationale \u00e0 Essaouira, Nouredine El Aoufi Laghzaoui, a soulign\u00e9 que cette op\u00e9ration s\u2019inscrit dans le cadre des efforts et actions soutenus visant \u00e0 promouvoir l\u2019\u00e9quit\u00e9 et l\u2019\u00e9galit\u00e9 des chances pour tous les \u00e9l\u00e8ves, \u00e0 travers l\u2019offre de supports p\u00e9dagogiques \u00e0 ceux parmi les apprenants qui \u00e9prouvent des difficult\u00e9s \u00e0 assurer le suivi des cours \u00e0 distance, l\u2019objectif principal \u00e9tant de consolider les acquis et de soutenir les apprentissages.<\/p>\n<p>M. El Aoufi Laghzaoui a aussi expliqu\u00e9 que les op\u00e9rations d\u2019acheminement et de distribution de ces cahiers de soutien ont \u00e9t\u00e9 men\u00e9es par la Direction Provinciale en \u00e9troite coordination avec les autorit\u00e9s locales, avec la contribution des associations des parents et tuteurs des \u00e9l\u00e8ves au niveau des \u00e9tablissements scolaires cibl\u00e9s et ce, dans le respect total des mesures pr\u00e9ventives et de pr\u00e9caution sanitaire pour \u00e9viter tout risque de propagation de la pand\u00e9mie du Covid-19.<\/p>\n<p>Et le responsable provincial d\u2019ajouter que le choix des \u00e9tablissements scolaires concern\u00e9s par cette action a \u00e9t\u00e9 op\u00e9r\u00e9 sur la base des crit\u00e8res du d\u00e9ficit et de l\u2019emplacement dans une zone \u00e9loign\u00e9e, tout en saluant vivement les efforts d\u00e9ploy\u00e9s par les diff\u00e9rents intervenants et acteurs afin d\u2019assurer le succ\u00e8s de cette op\u00e9ration de distribution.<\/p>\n<p>Les cahiers de soutien p\u00e9dagogique ont \u00e9t\u00e9 \u00e9labor\u00e9s par le minist\u00e8re de l\u2019Education nationale, de la Formation professionnelle, de l\u2019Enseignement sup\u00e9rieur et de la Recherche scientifique, en coop\u00e9ration avec l\u2019Association marocaine des \u00e9diteurs en vue de parachever le processus de l\u2019enseignement \u00e0 distance, lanc\u00e9 sur les cha\u00eenes TV nationales, et la mise en place des classes virtuelles et des plateformes num\u00e9riques, autant de mesures pr\u00e9ventives pour pr\u00e9server la sant\u00e9 des \u00e9tudiants et du personnel administratif et p\u00e9dagogique, en plein combat contre le Covid-19.<\/p>\n<\/div>\n<p>Auteur: Meriem IGASS<br \/>\n<a href=\"http:\/\/www.mapmarrakech.ma\/fr\/des-cahiers-de-soutien-pedagogique-a-plus-de-12-300-eleves\/\">Cliquez ici pour lire l&rsquo;article depuis sa source.<\/a><\/p>\n","protected":false},"excerpt":{"rendered":"<p>Essaouira \u2013 La Direction Provinciale de l\u2019Education Nationale \u00e0 Essaouira a annonc\u00e9, lundi, avoir distribu\u00e9 des cahiers de soutien p\u00e9dagogique \u00e0 12.319 \u00e9l\u00e8ves dans des \u00e9tablissements scolaires en milieu rural au niveau de la province. Ces \u00e9l\u00e8ves sont r\u00e9partis sur 48 \u00e9tablissements scolaires relevant de 18 communes rurales \u00e0 l\u2019\u00e9chelle de la province d\u2019Essaouira, a [&hellip;]<\/p>\n","protected":false},"author":1788,"featured_media":0,"comment_status":"closed","ping_status":"closed","sticky":false,"template":"","format":"standard","meta":{"fifu_image_url":"","fifu_image_alt":"","footnotes":""},"categories":[54,76],"tags":[],"class_list":["post-89980","post","type-post","status-publish","format-standard","hentry","category-maroc","category-regions"],"_links":{"self":[{"href":"https:\/\/linitiative.ca\/International\/wp-json\/wp\/v2\/posts\/89980","targetHints":{"allow":["GET"]}}],"collection":[{"href":"https:\/\/linitiative.ca\/International\/wp-json\/wp\/v2\/posts"}],"about":[{"href":"https:\/\/linitiative.ca\/International\/wp-json\/wp\/v2\/types\/post"}],"author":[{"embeddable":true,"href":"https:\/\/linitiative.ca\/International\/wp-json\/wp\/v2\/users\/1788"}],"replies":[{"embeddable":true,"href":"https:\/\/linitiative.ca\/International\/wp-json\/wp\/v2\/comments?post=89980"}],"version-history":[{"count":0,"href":"https:\/\/linitiative.ca\/International\/wp-json\/wp\/v2\/posts\/89980\/revisions"}],"wp:attachment":[{"href":"https:\/\/linitiative.ca\/International\/wp-json\/wp\/v2\/media?parent=89980"}],"wp:term":[{"taxonomy":"category","embeddable":true,"href":"https:\/\/linitiative.ca\/International\/wp-json\/wp\/v2\/categories?post=89980"},{"taxonomy":"post_tag","embeddable":true,"href":"https:\/\/linitiative.ca\/International\/wp-json\/wp\/v2\/tags?post=89980"}],"curies":[{"name":"wp","href":"https:\/\/api.w.org\/{rel}","templated":true}]}}